{"id":24192,"date":"2023-07-21T19:10:37","date_gmt":"2023-07-21T22:10:37","guid":{"rendered":"https:\/\/chacosintesis.com.ar\/?p=24192"},"modified":"2023-07-21T19:37:10","modified_gmt":"2023-07-21T22:37:10","slug":"este-sabado-se-realizaran-las-finales-provinciales-de-los-juegos-evita-2023","status":"publish","type":"post","link":"https:\/\/chacosintesis.com.ar\/index.php\/este-sabado-se-realizaran-las-finales-provinciales-de-los-juegos-evita-2023\/","title":{"rendered":"Este s\u00e1bado se realizar\u00e1n las finales provinciales de los Juegos Evita 2023"},"content":{"rendered":"<p>Todos los equipos y deportistas buscar\u00e1n un lugar para representar al Chaco en los Juegos Nacionales Evita 2023 que se realizar\u00e1n en Mar del Plata del 24 al 30 de septiembre.<br \/>\nOsvaldo P\u00e9rez Cuevas, presidente del Instituto del Deporte, dialog\u00f3 con Chaco TV sobre los Juegos Nacionales Evita 2023. &#8220;Ma\u00f1ana se estar\u00e1n realizando las primeras finales de la etapa provincial de los Juegos Evita con la categor\u00eda sub-14 y sub-15 a partir de las 8 en el Polideportivo Jaime Zapata\u201d, detall\u00f3. Cabe destacar que estas finales se realizan luego de las competencias locales que se realizaron a lo largo de la provincia y los diez zonales selectivos.<br \/>\nEn ese sentido, explic\u00f3 que desde las 9 iniciar\u00e1n las competencias con las finales de las diferentes disciplinas como ser f\u00fatbol masculino, f\u00fatbol femenino, f\u00fatbol mixto, v\u00f3ley, beach v\u00f3ley, beach handball, ajedrez, p\u00e1del, cabotaje, hockey y b\u00e1squet. Las finales de cada disciplina estar\u00e1n distribuidas por distintos clubes y espacios deportivos que transcurrir\u00e1n durante todo el d\u00eda.<br \/>\n\u201cEsperamos m\u00e1s de 2 mil chicos y chicas de toda la provincia que estar\u00e1n participando y compitiendo para buscar el sue\u00f1o de llegar a Mar del Plata\u201d, manifest\u00f3 P\u00e9rez Cuevas. Asimismo, coment\u00f3 que las finales de las categor\u00edas sub-16 y sub-17 se realizar\u00e1n el pr\u00f3ximo s\u00e1bado bajo la misma modalidad y agreg\u00f3 que en septiembre se realizar\u00e1 la gran final de Mar del Plata con los que van a salir clasificados tras los resultados de ma\u00f1ana y la semana que viene.<br \/>\nPor \u00faltimo, destac\u00f3 la importancia del deporte como derecho y pol\u00edtica p\u00fablica para la sociedad. \u201cVemos al deporte como una verdadera herramienta de inclusi\u00f3n\u201d, expres\u00f3 el presidente del Instituto del Deporte, y agreg\u00f3: \u201cEn los Juegos Evita conviven el deporte social, federado, adaptado, escolar y el de alto rendimiento. Es para todos, es abierto tanto para un club como para una escuela o un grupo de amigos solamente completando los requisitos y present\u00e1ndose a participar\u201d.<\/p>\n","protected":false},"excerpt":{"rendered":"<p>Todos los equipos y deportistas buscar\u00e1n un lugar para representar al Chaco en los Juegos Nacionales Evita 2023 que se realizar\u00e1n en Mar del Plata del 24 al 30 de septiembre. Osvaldo P\u00e9rez Cuevas, presidente del Instituto del Deporte, dialog\u00f3 con Chaco TV sobre los Juegos Nacionales Evita 2023. &#8220;Ma\u00f1ana se estar\u00e1n realizando las primeras [&hellip;]<\/p>\n","protected":false},"author":1,"featured_media":24193,"comment_status":"closed","ping_status":"closed","sticky":false,"template":"","format":"standard","meta":{"footnotes":""},"categories":[6],"tags":[],"class_list":{"0":"post-24192","1":"post","2":"type-post","3":"status-publish","4":"format-standard","5":"has-post-thumbnail","7":"category-chaco"},"_links":{"self":[{"href":"https:\/\/chacosintesis.com.ar\/index.php\/wp-json\/wp\/v2\/posts\/24192","targetHints":{"allow":["GET"]}}],"collection":[{"href":"https:\/\/chacosintesis.com.ar\/index.php\/wp-json\/wp\/v2\/posts"}],"about":[{"href":"https:\/\/chacosintesis.com.ar\/index.php\/wp-json\/wp\/v2\/types\/post"}],"author":[{"embeddable":true,"href":"https:\/\/chacosintesis.com.ar\/index.php\/wp-json\/wp\/v2\/users\/1"}],"replies":[{"embeddable":true,"href":"https:\/\/chacosintesis.com.ar\/index.php\/wp-json\/wp\/v2\/comments?post=24192"}],"version-history":[{"count":0,"href":"https:\/\/chacosintesis.com.ar\/index.php\/wp-json\/wp\/v2\/posts\/24192\/revisions"}],"wp:featuredmedia":[{"embeddable":true,"href":"https:\/\/chacosintesis.com.ar\/index.php\/wp-json\/wp\/v2\/media\/24193"}],"wp:attachment":[{"href":"https:\/\/chacosintesis.com.ar\/index.php\/wp-json\/wp\/v2\/media?parent=24192"}],"wp:term":[{"taxonomy":"category","embeddable":true,"href":"https:\/\/chacosintesis.com.ar\/index.php\/wp-json\/wp\/v2\/categories?post=24192"},{"taxonomy":"post_tag","embeddable":true,"href":"https:\/\/chacosintesis.com.ar\/index.php\/wp-json\/wp\/v2\/tags?post=24192"}],"curies":[{"name":"wp","href":"https:\/\/api.w.org\/{rel}","templated":true}]}}