{"id":24190,"date":"2023-07-21T19:08:45","date_gmt":"2023-07-21T22:08:45","guid":{"rendered":"https:\/\/chacosintesis.com.ar\/?p=24190"},"modified":"2023-07-21T19:37:09","modified_gmt":"2023-07-21T22:37:09","slug":"recomiendan-aplicarse-la-vacuna-contra-la-fiebre-amarilla","status":"publish","type":"post","link":"https:\/\/chacosintesis.com.ar\/index.php\/recomiendan-aplicarse-la-vacuna-contra-la-fiebre-amarilla\/","title":{"rendered":"Recomiendan aplicarse la vacuna contra la fiebre amarilla"},"content":{"rendered":"<p>La epidemi\u00f3loga Natalia Alcaraz habl\u00f3 sobre la enfermedad infecciosa transmitida por mosquitos y dio una serie de sugerencias y medidas preventivas para evitar contraerla. En la actualidad hay 34 pa\u00edses de \u00c1frica y 13 de Am\u00e9rica Central y del Sur en los que la enfermedad es end\u00e9mica en todo el pa\u00eds o en algunas regiones.<br \/>\nNatalia Alcaraz, directora de Epidemiolog\u00eda de la provincia, habl\u00f3 con Chaco TV sobre las recomendaciones y cuidados a tener en cuenta acerca de la fiebre amarilla y sugiri\u00f3 vacunarse a las personas que viajen a las zonas end\u00e9micas. \u201cHay una alerta epidemiol\u00f3gica en Brasil. En este pa\u00eds est\u00e1 circulando gran cantidad de virus de la fiebre amarilla. Entonces se hace este parte en toda Sudam\u00e9rica\u201d, explic\u00f3.<br \/>\nEn este sentido, expres\u00f3 que, si bien en Argentina \u201cno hay ninguna circulaci\u00f3n de este virus\u201d, hay provincias como Formosa, Corrientes y Misiones que \u201ctienen que acatar con la vacunaci\u00f3n pertinente\u201d. Con respecto a la provincia del Chaco, dijo que \u201cse da la vacuna contra la fiebre amarilla a todos los lugares que tienen que acudir con circulaci\u00f3n\u201d. Asimismo, explic\u00f3 que se hace un carnet amarillo que tiene vigencia a nivel internacional y que la vacunaci\u00f3n se la colocan cuando se van a lugares de zona end\u00e9mica. \u201cEsto quiere decir \u00c1frica, Sudam\u00e9rica y parte de Centroam\u00e9rica\u201d, agreg\u00f3.<br \/>\nSobre la vacuna, explic\u00f3 que es \u201cde tipo de virus atenuado en donde requiere unos 10 d\u00edas para adquirir inmunidad el cuerpo\u201d. Los lugares para vacunarse en la provincia del Chaco son: los lunes en el Hospital &#8220;Luis Fleitas&#8221; de Fontana de 7:30 a 20, los martes en la Escuela de Polic\u00eda de Resistencia de 7:30 a 13, los mi\u00e9rcoles en la Escuela de Salud P\u00fablica de Resistencia de 8 a 16, los jueves en el Hospital Pedi\u00e1trico &#8220;Dr. Avelino Castel\u00e1n&#8221; de Resistencia de 7 a 18, los viernes en el Hospital &#8220;Dr. Julio C. Perrando&#8221; de Resistencia de 6:30 a 16, los s\u00e1bados en el Hospital &#8220;Eva Per\u00f3n&#8221; de Barranqueras de 8 a 12. \u201cLa fiebre amarilla tiene los mismos cuidados y recomendaciones que el dengue. El uso de mangas largas, de ropa clara y el uso continuo de repelente\u201d, concluy\u00f3.<\/p>\n","protected":false},"excerpt":{"rendered":"<p>La epidemi\u00f3loga Natalia Alcaraz habl\u00f3 sobre la enfermedad infecciosa transmitida por mosquitos y dio una serie de sugerencias y medidas preventivas para evitar contraerla. En la actualidad hay 34 pa\u00edses de \u00c1frica y 13 de Am\u00e9rica Central y del Sur en los que la enfermedad es end\u00e9mica en todo el pa\u00eds o en algunas regiones. [&hellip;]<\/p>\n","protected":false},"author":1,"featured_media":24191,"comment_status":"closed","ping_status":"closed","sticky":false,"template":"","format":"standard","meta":{"footnotes":""},"categories":[6],"tags":[],"class_list":{"0":"post-24190","1":"post","2":"type-post","3":"status-publish","4":"format-standard","5":"has-post-thumbnail","7":"category-chaco"},"_links":{"self":[{"href":"https:\/\/chacosintesis.com.ar\/index.php\/wp-json\/wp\/v2\/posts\/24190","targetHints":{"allow":["GET"]}}],"collection":[{"href":"https:\/\/chacosintesis.com.ar\/index.php\/wp-json\/wp\/v2\/posts"}],"about":[{"href":"https:\/\/chacosintesis.com.ar\/index.php\/wp-json\/wp\/v2\/types\/post"}],"author":[{"embeddable":true,"href":"https:\/\/chacosintesis.com.ar\/index.php\/wp-json\/wp\/v2\/users\/1"}],"replies":[{"embeddable":true,"href":"https:\/\/chacosintesis.com.ar\/index.php\/wp-json\/wp\/v2\/comments?post=24190"}],"version-history":[{"count":0,"href":"https:\/\/chacosintesis.com.ar\/index.php\/wp-json\/wp\/v2\/posts\/24190\/revisions"}],"wp:featuredmedia":[{"embeddable":true,"href":"https:\/\/chacosintesis.com.ar\/index.php\/wp-json\/wp\/v2\/media\/24191"}],"wp:attachment":[{"href":"https:\/\/chacosintesis.com.ar\/index.php\/wp-json\/wp\/v2\/media?parent=24190"}],"wp:term":[{"taxonomy":"category","embeddable":true,"href":"https:\/\/chacosintesis.com.ar\/index.php\/wp-json\/wp\/v2\/categories?post=24190"},{"taxonomy":"post_tag","embeddable":true,"href":"https:\/\/chacosintesis.com.ar\/index.php\/wp-json\/wp\/v2\/tags?post=24190"}],"curies":[{"name":"wp","href":"https:\/\/api.w.org\/{rel}","templated":true}]}}