{"id":24186,"date":"2023-07-21T19:04:47","date_gmt":"2023-07-21T22:04:47","guid":{"rendered":"https:\/\/chacosintesis.com.ar\/?p=24186"},"modified":"2023-07-21T19:07:16","modified_gmt":"2023-07-21T22:07:16","slug":"la-13-fiesta-provincial-de-la-torta-parrilla-y-el-chipa-cuerito-sera-el-6-de-agosto","status":"publish","type":"post","link":"https:\/\/chacosintesis.com.ar\/index.php\/la-13-fiesta-provincial-de-la-torta-parrilla-y-el-chipa-cuerito-sera-el-6-de-agosto\/","title":{"rendered":"La 13\u00b0 Fiesta Provincial de la Torta Parrilla y el Chip\u00e1 Cuerito ser\u00e1 el 6 de agosto"},"content":{"rendered":"<p>El evento ofrecer\u00e1 una agenda con propuestas culturales y de entretenimiento. Adem\u00e1s de la competencia y premiaci\u00f3n en elaboraci\u00f3n de chip\u00e1 cuerito y torta parrilla, habr\u00e1 espect\u00e1culos en vivo durante toda la jornada.<br \/>\n\u201cEl 6 de agosto vamos a tener la 13\u00b0 Fiesta Provincial de la Torta Parrilla y el Chip\u00e1 Cuerito en la avenida 17 de agosto de Margarita Bel\u00e9n\u201d, expres\u00f3 Francisco Romero, presidente del Instituto de Cultura, en di\u00e1logo con Radio Provincia del Chaco. El evento iniciar\u00e1 a las 10 y contar\u00e1 con una amplia agenda entre propuestas culturales, de entretenimiento y gastron\u00f3micas. Javier Mart\u00ednez, intendente de Margarita Bel\u00e9n, tambi\u00e9n form\u00f3 parte del di\u00e1logo y dio a conocer m\u00e1s detalles de la fiesta.<br \/>\nEn este sentido, \u201cTete\u201d Romero explic\u00f3 que el evento ofrecer\u00e1 diversas propuestas culturales y de entretenimiento, pero se centrar\u00e1 en la competencia y premiaci\u00f3n en elaboraci\u00f3n de chip\u00e1 cuerito y torta parrilla. \u201cParticipan 20 concursantes, 10 de torta parrilla y 10 de chip\u00e1 cuerito\u201d, detall\u00f3 al mismo tiempo que Mart\u00ednez agreg\u00f3: \u201cEn esta oportunidad habr\u00e1 12 participantes de diferentes localidades de la provincia\u201d.<br \/>\n\u201cLa \u00faltima edici\u00f3n 2022 m\u00e1s de 10 mil personas participaron de un festival que arranca a las 10 de la ma\u00f1ana. Es una fiesta familiar estupenda en una Margarita Bel\u00e9n que est\u00e1 quedando hermosa\u201d, manifest\u00f3 Romero. El festival forma parte del programa Chaco Celebra que despliega el Gobierno provincial a trav\u00e9s del Instituto de Cultura y Loter\u00eda Chaque\u00f1a.<br \/>\nPor su parte, Mart\u00ednez expres\u00f3 su felicidad por realizar una nueva edici\u00f3n del festival. \u201cEstamos muy contentos. Este evento que surgi\u00f3 hace 13 o 14 a\u00f1os tiene trayectoria y ha ido creciendo a\u00f1o tras a\u00f1o\u201d, expres\u00f3. Asimismo, agreg\u00f3 que en esta oportunidad escogieron la avenida 17 de agosto como \u201clugar estrat\u00e9gico porque es m\u00e1s amplio\u201d, debido a que la edici\u00f3n pasada quedaron \u201ccortos en infraestructura\u201d. Por \u00faltimo, agreg\u00f3 que el evento contar\u00e1 con la presencia de artesanos y emprendedores con diferentes productos del rubro gastron\u00f3mico, adem\u00e1s de ofertas culturales variadas con danzas y actuaciones musicales.<\/p>\n","protected":false},"excerpt":{"rendered":"<p>El evento ofrecer\u00e1 una agenda con propuestas culturales y de entretenimiento. Adem\u00e1s de la competencia y premiaci\u00f3n en elaboraci\u00f3n de chip\u00e1 cuerito y torta parrilla, habr\u00e1 espect\u00e1culos en vivo durante toda la jornada. \u201cEl 6 de agosto vamos a tener la 13\u00b0 Fiesta Provincial de la Torta Parrilla y el Chip\u00e1 Cuerito en la avenida [&hellip;]<\/p>\n","protected":false},"author":1,"featured_media":24187,"comment_status":"closed","ping_status":"closed","sticky":false,"template":"","format":"standard","meta":{"footnotes":""},"categories":[6],"tags":[],"class_list":{"0":"post-24186","1":"post","2":"type-post","3":"status-publish","4":"format-standard","5":"has-post-thumbnail","7":"category-chaco"},"_links":{"self":[{"href":"https:\/\/chacosintesis.com.ar\/index.php\/wp-json\/wp\/v2\/posts\/24186","targetHints":{"allow":["GET"]}}],"collection":[{"href":"https:\/\/chacosintesis.com.ar\/index.php\/wp-json\/wp\/v2\/posts"}],"about":[{"href":"https:\/\/chacosintesis.com.ar\/index.php\/wp-json\/wp\/v2\/types\/post"}],"author":[{"embeddable":true,"href":"https:\/\/chacosintesis.com.ar\/index.php\/wp-json\/wp\/v2\/users\/1"}],"replies":[{"embeddable":true,"href":"https:\/\/chacosintesis.com.ar\/index.php\/wp-json\/wp\/v2\/comments?post=24186"}],"version-history":[{"count":0,"href":"https:\/\/chacosintesis.com.ar\/index.php\/wp-json\/wp\/v2\/posts\/24186\/revisions"}],"wp:featuredmedia":[{"embeddable":true,"href":"https:\/\/chacosintesis.com.ar\/index.php\/wp-json\/wp\/v2\/media\/24187"}],"wp:attachment":[{"href":"https:\/\/chacosintesis.com.ar\/index.php\/wp-json\/wp\/v2\/media?parent=24186"}],"wp:term":[{"taxonomy":"category","embeddable":true,"href":"https:\/\/chacosintesis.com.ar\/index.php\/wp-json\/wp\/v2\/categories?post=24186"},{"taxonomy":"post_tag","embeddable":true,"href":"https:\/\/chacosintesis.com.ar\/index.php\/wp-json\/wp\/v2\/tags?post=24186"}],"curies":[{"name":"wp","href":"https:\/\/api.w.org\/{rel}","templated":true}]}}