{"id":24182,"date":"2023-07-21T17:24:07","date_gmt":"2023-07-21T20:24:07","guid":{"rendered":"https:\/\/chacosintesis.com.ar\/?p=24182"},"modified":"2023-07-21T17:37:56","modified_gmt":"2023-07-21T20:37:56","slug":"este-viernes-comenzo-el-cronograma-de-pagos-a-la-administracion-publica-provincial","status":"publish","type":"post","link":"https:\/\/chacosintesis.com.ar\/index.php\/este-viernes-comenzo-el-cronograma-de-pagos-a-la-administracion-publica-provincial\/","title":{"rendered":"Este viernes comenz\u00f3 el cronograma de pagos a la administraci\u00f3n p\u00fablica provincial"},"content":{"rendered":"<p>Este viernes 21 de julio se acredita el monto del refrigerio a las trabajadoras y trabajadores estatales. La pr\u00f3xima semana inicia el pago de salarios. El ministro de Planificaci\u00f3n, Econom\u00eda e Infraestructura, Santiago P\u00e9rez Pons anunci\u00f3 que este viernes comienza el cronograma de pago con la acreditaci\u00f3n del Refrigerio. El jueves 27 se abonar\u00e1n los sueldos de las y los jubilados, y el viernes 28 de las y los trabajadores activos de la Administraci\u00f3n P\u00fablica Provincial. Ma\u00f1ana se depositar\u00e1 el Refrigerio en las Tarjetas Recargables Tuya, con un nuevo aumento, para llegar a $32.500, que es el tercero otorgado desde abril, cuando pas\u00f3 de $16.500 a $ 24.500, luego hubo otra suba de $24.500 a $28.500. En tanto, el jueves 27 de la pr\u00f3xima semana se pagar\u00e1n los salarios a las y los jubilados provinciales. Ese d\u00eda, a partir de las 21, sus haberes estar\u00e1n disponibles en los cajeros autom\u00e1ticos del Nuevo Banco del Chaco. Un d\u00eda despu\u00e9s, podr\u00e1n cobrar por ventanilla en las sucursales habilitadas por la entidad crediticia. Mientras que las y los trabajadores activos cobrar\u00e1n sus sueldos el pr\u00f3ximo viernes 28, cuando tendr\u00e1n disponibles sus haberes en cajeros autom\u00e1ticos del NBCH. Luego, podr\u00e1n retirar sus sueldos por ventanilla en las sucursales habilitadas por el banco provincial, a partir del lunes 31. El titular de la cartera econ\u00f3mica chaque\u00f1a indic\u00f3 que este mes el gobierno provincial pagar\u00e1 salarios con un aumento del 10% a la escala general, tal como se hab\u00eda acordado en las negociaciones salariales de marzo pasado (cuando se determin\u00f3 la pol\u00edtica salarial para 2023). A esa suba se debe agregar otro incremento, en forma de bonificaci\u00f3n de equiparaci\u00f3n salarial. En este caso ser\u00e1 del 30%, que se calcula sobre el sueldo b\u00e1sico, el complemento b\u00e1sico y el suplemento remunerativo. Estaba previsto en tres etapas pero, en acuerdo con los sindicatos estatales, se decidi\u00f3 acortarla a dos. \u201cComo es pol\u00edtica de Estado, los sueldos se pagar\u00e1n antes de fin de mes y con aumentos ratificando la decisi\u00f3n del gobierno provincial de que el salario le gane a la inflaci\u00f3n y con el objetivo de cuidar el poder adquisitivo de las y los chaque\u00f1os\u201d, se\u00f1al\u00f3 P\u00e9rez Pons. Se debe recordar que tambi\u00e9n las y los trabajadores judiciales tendr\u00e1n aumentos con el cobro de salarios de julio. Adem\u00e1s, se debe sumar el incremento que percibir\u00e1n las y los docentes chaque\u00f1os. \u201cPara 2023, el objetivo es sostener que los sueldos contin\u00faen por encima de la previsi\u00f3n inflacionaria, teniendo en cuenta la prioridad del proceso de recomposici\u00f3n salarial en los \u00faltimos tres a\u00f1os\u201d, ratific\u00f3 el titular de la cartera econ\u00f3mica provincial.<\/p>\n","protected":false},"excerpt":{"rendered":"<p>Este viernes 21 de julio se acredita el monto del refrigerio a las trabajadoras y trabajadores estatales. La pr\u00f3xima semana inicia el pago de salarios. El ministro de Planificaci\u00f3n, Econom\u00eda e Infraestructura, Santiago P\u00e9rez Pons anunci\u00f3 que este viernes comienza el cronograma de pago con la acreditaci\u00f3n del Refrigerio. El jueves 27 se abonar\u00e1n los [&hellip;]<\/p>\n","protected":false},"author":1,"featured_media":24183,"comment_status":"closed","ping_status":"closed","sticky":false,"template":"","format":"standard","meta":{"footnotes":""},"categories":[6],"tags":[],"class_list":{"0":"post-24182","1":"post","2":"type-post","3":"status-publish","4":"format-standard","5":"has-post-thumbnail","7":"category-chaco"},"_links":{"self":[{"href":"https:\/\/chacosintesis.com.ar\/index.php\/wp-json\/wp\/v2\/posts\/24182","targetHints":{"allow":["GET"]}}],"collection":[{"href":"https:\/\/chacosintesis.com.ar\/index.php\/wp-json\/wp\/v2\/posts"}],"about":[{"href":"https:\/\/chacosintesis.com.ar\/index.php\/wp-json\/wp\/v2\/types\/post"}],"author":[{"embeddable":true,"href":"https:\/\/chacosintesis.com.ar\/index.php\/wp-json\/wp\/v2\/users\/1"}],"replies":[{"embeddable":true,"href":"https:\/\/chacosintesis.com.ar\/index.php\/wp-json\/wp\/v2\/comments?post=24182"}],"version-history":[{"count":0,"href":"https:\/\/chacosintesis.com.ar\/index.php\/wp-json\/wp\/v2\/posts\/24182\/revisions"}],"wp:featuredmedia":[{"embeddable":true,"href":"https:\/\/chacosintesis.com.ar\/index.php\/wp-json\/wp\/v2\/media\/24183"}],"wp:attachment":[{"href":"https:\/\/chacosintesis.com.ar\/index.php\/wp-json\/wp\/v2\/media?parent=24182"}],"wp:term":[{"taxonomy":"category","embeddable":true,"href":"https:\/\/chacosintesis.com.ar\/index.php\/wp-json\/wp\/v2\/categories?post=24182"},{"taxonomy":"post_tag","embeddable":true,"href":"https:\/\/chacosintesis.com.ar\/index.php\/wp-json\/wp\/v2\/tags?post=24182"}],"curies":[{"name":"wp","href":"https:\/\/api.w.org\/{rel}","templated":true}]}}