{"id":24180,"date":"2023-07-21T17:18:52","date_gmt":"2023-07-21T20:18:52","guid":{"rendered":"https:\/\/chacosintesis.com.ar\/?p=24180"},"modified":"2023-07-21T17:37:56","modified_gmt":"2023-07-21T20:37:56","slug":"alvarez-son-herramientas-y-tecnologias-que-nos-dan-soporte-no-solamente-para-la-prevencion-del-delito-sino-para-el-esclarecimiento-de-hechos","status":"publish","type":"post","link":"https:\/\/chacosintesis.com.ar\/index.php\/alvarez-son-herramientas-y-tecnologias-que-nos-dan-soporte-no-solamente-para-la-prevencion-del-delito-sino-para-el-esclarecimiento-de-hechos\/","title":{"rendered":"\u00c1lvarez: \u201cSon herramientas y tecnolog\u00edas que nos dan soporte no solamente para la prevenci\u00f3n del delito sino para el esclarecimiento de hechos\u201d"},"content":{"rendered":"<p>El subsecretario de Planificaci\u00f3n de Seguridad y Justicia dio detalles acerca del plan \u201cEscuchar para hacer\u201d que el gobernador de la provincia lanz\u00f3 en el d\u00eda de ayer. Las medidas incluyen m\u00e1s presencia policial y control territorial, inversi\u00f3n en tecnolog\u00eda, denuncias digitales, paradas seguras y construcci\u00f3n de 700 celdas en el Servicio Penitenciario.<br \/>\nLeandro \u00c1lvarez, subsecretario de Planificaci\u00f3n de Seguridad y Justicia, dialog\u00f3 con Radio Provincia del Chaco y se refiri\u00f3 al plan \u201cEscuchar para hacer\u201d que lanz\u00f3 el gobernador Jorge Capitanich en el d\u00eda de ayer. \u201cEsto es en funci\u00f3n de una serie de reuniones que viene manteniendo el gobernador con los vecinos en donde se plantea la problem\u00e1tica respecto a la inseguridad\u201d, expres\u00f3. El plan comprende una serie de pol\u00edticas p\u00fablicas de alto impacto para la prevenci\u00f3n y el combate del delito.<br \/>\nEn este sentido, \u00c1lvarez especific\u00f3 que se trata de un trabajo conjunto del Ministerio con los municipios y con la polic\u00eda del Chaco para \u201cordenar el trabajo hasta fin de a\u00f1o\u201d y mejorar la seguridad de barrios, zonas determinadas, establecimientos educativos y centro de salud, entre otros lugares. \u201cTiene que ver con el vecino o la vecina que sale a trabajar y sufre un hecho de inseguridad\u201d, explic\u00f3, y agreg\u00f3: \u201cLos operativos son din\u00e1micos en funci\u00f3n de la \u00e9poca del a\u00f1o. No es lo mismo cuando comienzan las clases a cuando llega diciembre\u201d.<br \/>\nSobre el plan, destac\u00f3 que tiene 4 puntos importantes. Cabe destacar que el plan anunciado en el d\u00eda de ayer busca m\u00e1s presencia policial y control territorial, inversi\u00f3n en tecnolog\u00eda, denuncias digitales, paradas seguras y construcci\u00f3n de 700 celdas en el Servicio Penitenciario. Adem\u00e1s, a esto se suma el impulso de proyectos de ley para mejorar la eficiencia del proceso penal. \u201cSiempre nos obliga a repensar las estrategias\u201d, expres\u00f3 \u00c1lvarez.<br \/>\nSiguiendo por la misma l\u00ednea, detall\u00f3 cada punto del plan: \u201cEl primero y m\u00e1s importante es lo que tiene que ver con todos los operativos din\u00e1micos de prevenci\u00f3n y la relocalizaci\u00f3n de las cuadr\u00edculas\u201d. Sobre este punto, explic\u00f3 que se busca realizar una mejor divisi\u00f3n administrativa para realizar denuncias o localizar los veh\u00edculos estrat\u00e9gicamente y optimizar el tiempo de respuesta, adem\u00e1s de fortalecer la presencia policial en diferentes zonas horarias.<br \/>\n\u201cEl segundo punto tiene que ver con la creaci\u00f3n de comisar\u00edas virtuales. Necesitamos que la gente comience a denunciar m\u00e1s. Es un trabajo que llevamos adelante con fiscal\u00edas\u201d, coment\u00f3. Este punto habla sobre la implementaci\u00f3n de la denuncia digital a trav\u00e9s de la aplicaci\u00f3n de Tu Gobierno Digital, validada a trav\u00e9s de identidad digital y que puede descargarse gratuitamente. \u201cVamos a tener geolocalizadas todas las llamadas que se realicen al 911. Es muy importante para dar celeridad\u201d, manifest\u00f3.<br \/>\nPor otro lado, otra de las medidas tiene que ver con la inversi\u00f3n en tecnolog\u00edas para combatir el delito. El plan promueve la articulaci\u00f3n del sistema de c\u00e1maras privadas con el sistema multiagencial y la red de c\u00e1maras de seguridad provinciales y municipales para alcanzar un sistema unificado de 3.500 c\u00e1maras que vigilen cada rinc\u00f3n de la provincia. \u201cContamos con un registro de c\u00e1maras privadas. Estamos trabajando en la profesionalizaci\u00f3n y equipamiento de una divisi\u00f3n espec\u00edfica de polic\u00edas bajo la \u00f3rbita del centro de monitorio\u201d, manifest\u00f3.<br \/>\nAdem\u00e1s, el subsecretario habl\u00f3 sobre el trabajo en la implementaci\u00f3n de la SUBE Automotor y de 50 paradas seguras\u201d, as\u00ed como tambi\u00e9n se refiri\u00f3 a la instalaci\u00f3n de botones de p\u00e1nico en colectivos, remises y taxis. \u201cEs un hito importante en lo que va a ser el plan de seguridad en la operativizaci\u00f3n en este corto tiempo\u201d, dijo \u00c1lvarez, y agreg\u00f3: \u201cSon cuestiones de herramientas de tecnolog\u00eda que nos dan soporte no solamente para la prevenci\u00f3n del delito sino para lo que es el esclarecimiento de hechos\u201d.<br \/>\nPor \u00faltimo, coment\u00f3 que solicitaron al Poder Legislativo el r\u00e1pido tratamiento de una serie de proyectos de ley que conllevan a la reforma estructural del proceso penal. Se trata del proyecto de Ley de Oficinas de Proximidad en los Municipios de la Provincia del Chaco; el proyecto de Ley de Oficinas Judiciales Civiles y Penales, el proyecto de reforma del C\u00f3digo Procesal Penal de la provincia, y el proyecto de reforma de competencia de la Justicia de Paz regulada en la Ley Org\u00e1nica de Justicia de Paz N\u00ba 2171-A. \u201cBuscan dar un mejor funcionamiento y una mejor respuesta a tiempos procesales\u201d, concluy\u00f3.<\/p>\n","protected":false},"excerpt":{"rendered":"<p>El subsecretario de Planificaci\u00f3n de Seguridad y Justicia dio detalles acerca del plan \u201cEscuchar para hacer\u201d que el gobernador de la provincia lanz\u00f3 en el d\u00eda de ayer. Las medidas incluyen m\u00e1s presencia policial y control territorial, inversi\u00f3n en tecnolog\u00eda, denuncias digitales, paradas seguras y construcci\u00f3n de 700 celdas en el Servicio Penitenciario. Leandro \u00c1lvarez, [&hellip;]<\/p>\n","protected":false},"author":1,"featured_media":24181,"comment_status":"closed","ping_status":"closed","sticky":false,"template":"","format":"standard","meta":{"footnotes":""},"categories":[6],"tags":[],"class_list":{"0":"post-24180","1":"post","2":"type-post","3":"status-publish","4":"format-standard","5":"has-post-thumbnail","7":"category-chaco"},"_links":{"self":[{"href":"https:\/\/chacosintesis.com.ar\/index.php\/wp-json\/wp\/v2\/posts\/24180","targetHints":{"allow":["GET"]}}],"collection":[{"href":"https:\/\/chacosintesis.com.ar\/index.php\/wp-json\/wp\/v2\/posts"}],"about":[{"href":"https:\/\/chacosintesis.com.ar\/index.php\/wp-json\/wp\/v2\/types\/post"}],"author":[{"embeddable":true,"href":"https:\/\/chacosintesis.com.ar\/index.php\/wp-json\/wp\/v2\/users\/1"}],"replies":[{"embeddable":true,"href":"https:\/\/chacosintesis.com.ar\/index.php\/wp-json\/wp\/v2\/comments?post=24180"}],"version-history":[{"count":0,"href":"https:\/\/chacosintesis.com.ar\/index.php\/wp-json\/wp\/v2\/posts\/24180\/revisions"}],"wp:featuredmedia":[{"embeddable":true,"href":"https:\/\/chacosintesis.com.ar\/index.php\/wp-json\/wp\/v2\/media\/24181"}],"wp:attachment":[{"href":"https:\/\/chacosintesis.com.ar\/index.php\/wp-json\/wp\/v2\/media?parent=24180"}],"wp:term":[{"taxonomy":"category","embeddable":true,"href":"https:\/\/chacosintesis.com.ar\/index.php\/wp-json\/wp\/v2\/categories?post=24180"},{"taxonomy":"post_tag","embeddable":true,"href":"https:\/\/chacosintesis.com.ar\/index.php\/wp-json\/wp\/v2\/tags?post=24180"}],"curies":[{"name":"wp","href":"https:\/\/api.w.org\/{rel}","templated":true}]}}