{"id":24170,"date":"2023-07-21T16:43:55","date_gmt":"2023-07-21T19:43:55","guid":{"rendered":"https:\/\/chacosintesis.com.ar\/?p=24170"},"modified":"2023-07-21T17:07:08","modified_gmt":"2023-07-21T20:07:08","slug":"con-feria-charlas-talleres-y-musica-llega-la-festicuis-al-cecual","status":"publish","type":"post","link":"https:\/\/chacosintesis.com.ar\/index.php\/con-feria-charlas-talleres-y-musica-llega-la-festicuis-al-cecual\/","title":{"rendered":"Con feria, charlas, talleres y m\u00fasica, llega la FestiCuis al CECUAL"},"content":{"rendered":"<p>Se realizar\u00e1 este s\u00e1bado, en el marco del d\u00eda internacional de la visibilidad no binaria. Este s\u00e1bado 22 de julio, a partir de las 16, en el marco del d\u00eda internacional de la visibilidad no binaria se realizar\u00e1 en el Centro Cultural Alternativo (Santa Mar\u00eda de Oro 471), dependiente del Instituto de Cultura del Chaco, la FestiCuis. Ser\u00e1 una tarde de esta propuesta que ofrece una feria de emprendimientos disidentes y feministas, charlas, talleres, juegos, delicias artesanales y m\u00fasica. La entrada es gratuita. Las Fiestas Cuis nacen como un espacio de encuentro diverso. \u201cUn espacio seguro para charlar, debatir y bailar todo el pop que queramos, sin sentirnos juzgados\u201d, se\u00f1alaron desde la organizaci\u00f3n. Desde las 16 habr\u00e1 una feria con diversos emprendimientos disidentes y feministas, rondas de charlas, talleres, glitter, sorteos, delicias y cerveza para compartir una tarde exquisita y un escenario para participar con micr\u00f3fono, para anotarse y comunicarse a las redes sociales de La Cuis. Las propuestas tambi\u00e9n incluyen: charla abierta sobre ESI y violencias en los v\u00ednculos, show de t\u00edteres, mic abierto (para lo que deseen transmitir o compartir), tallercito de Milonga Queer a la capelina facilitado por Nacho Fern\u00e1ndez.<\/p>\n","protected":false},"excerpt":{"rendered":"<p>Se realizar\u00e1 este s\u00e1bado, en el marco del d\u00eda internacional de la visibilidad no binaria. Este s\u00e1bado 22 de julio, a partir de las 16, en el marco del d\u00eda internacional de la visibilidad no binaria se realizar\u00e1 en el Centro Cultural Alternativo (Santa Mar\u00eda de Oro 471), dependiente del Instituto de Cultura del Chaco, [&hellip;]<\/p>\n","protected":false},"author":1,"featured_media":24171,"comment_status":"closed","ping_status":"closed","sticky":false,"template":"","format":"standard","meta":{"footnotes":""},"categories":[6],"tags":[],"class_list":{"0":"post-24170","1":"post","2":"type-post","3":"status-publish","4":"format-standard","5":"has-post-thumbnail","7":"category-chaco"},"_links":{"self":[{"href":"https:\/\/chacosintesis.com.ar\/index.php\/wp-json\/wp\/v2\/posts\/24170","targetHints":{"allow":["GET"]}}],"collection":[{"href":"https:\/\/chacosintesis.com.ar\/index.php\/wp-json\/wp\/v2\/posts"}],"about":[{"href":"https:\/\/chacosintesis.com.ar\/index.php\/wp-json\/wp\/v2\/types\/post"}],"author":[{"embeddable":true,"href":"https:\/\/chacosintesis.com.ar\/index.php\/wp-json\/wp\/v2\/users\/1"}],"replies":[{"embeddable":true,"href":"https:\/\/chacosintesis.com.ar\/index.php\/wp-json\/wp\/v2\/comments?post=24170"}],"version-history":[{"count":0,"href":"https:\/\/chacosintesis.com.ar\/index.php\/wp-json\/wp\/v2\/posts\/24170\/revisions"}],"wp:featuredmedia":[{"embeddable":true,"href":"https:\/\/chacosintesis.com.ar\/index.php\/wp-json\/wp\/v2\/media\/24171"}],"wp:attachment":[{"href":"https:\/\/chacosintesis.com.ar\/index.php\/wp-json\/wp\/v2\/media?parent=24170"}],"wp:term":[{"taxonomy":"category","embeddable":true,"href":"https:\/\/chacosintesis.com.ar\/index.php\/wp-json\/wp\/v2\/categories?post=24170"},{"taxonomy":"post_tag","embeddable":true,"href":"https:\/\/chacosintesis.com.ar\/index.php\/wp-json\/wp\/v2\/tags?post=24170"}],"curies":[{"name":"wp","href":"https:\/\/api.w.org\/{rel}","templated":true}]}}