{"id":24152,"date":"2023-07-20T21:15:05","date_gmt":"2023-07-21T00:15:05","guid":{"rendered":"https:\/\/chacosintesis.com.ar\/?p=24152"},"modified":"2023-07-20T21:36:37","modified_gmt":"2023-07-21T00:36:37","slug":"docentes-comerciantes-e-industriales-de-saenz-pena-expusieron-ante-el-gobernador-inquietudes-y-propuestas","status":"publish","type":"post","link":"https:\/\/chacosintesis.com.ar\/index.php\/docentes-comerciantes-e-industriales-de-saenz-pena-expusieron-ante-el-gobernador-inquietudes-y-propuestas\/","title":{"rendered":"Docentes, comerciantes e industriales de S\u00e1enz Pe\u00f1a expusieron ante el gobernador inquietudes y propuestas"},"content":{"rendered":"<p>En ronda de di\u00e1logo, Capitanich escuch\u00f3 inquietudes espec\u00edficas de cada sector trazando una agenda para resolverlas. Por otra parte, por sus cualidades y dimensiones, el edificio del Centro de Educaci\u00f3n F\u00edsica se constituir\u00e1 en el m\u00e1s importante de la localidad, con la aptitud necesaria para albergar eventos deportivos regionales.<br \/>\nEn el marco de su visita a S\u00e1enz Pe\u00f1a para presentar el Plan Integral de Seguridad, este jueves el gobernador Jorge Capitanich supervis\u00f3 el avance de la segunda etapa de obras del Centro de Educaci\u00f3n F\u00edsica (CEF) N\u00b02 \u201cProfesor Emilio E. Schmoker\u201d. Tambi\u00e9n atendi\u00f3 demandas de docentes, comerciantes y referentes industriales de la zona.<br \/>\n\u201cLa seguridad, la educaci\u00f3n y la actividad comercial son sectores claves para el desarrollo de una comunidad\u201d, ratific\u00f3 el mandatario, confirmando el di\u00e1logo establecido con emprendedores, docentes, personal policial y vecinos de La Termal, \u201cpara escuchar sus necesidades y poner en pr\u00e1ctica pol\u00edticas p\u00fablicas para mejorar cada sector\u201d afirm\u00f3, acompa\u00f1ado por los ministros de Planificaci\u00f3n, Econom\u00eda e Infraestructura, Santiago P\u00e9rez Pons, y de Educaci\u00f3n, Aldo Lineras.<br \/>\nCon un porcentaje de primera etapa terminado al 80% y una segunda etapa con un avance de alrededor del 40%, la remodelaci\u00f3n del espacio deportivo representa una inversi\u00f3n de $591.997.246. La arquitecta de la empresa Altamirano y Palacio, Tania Rodr\u00edguez, encargada de los trabajos en el CEF, asegur\u00f3 que por su valor arquitect\u00f3nico el espacio se constituir\u00e1 en \u201cel m\u00e1s importante de la localidad\u201d con la aptitud necesaria para albergar eventos deportivos regionales.<br \/>\n\u201cF\u00edsicamente tenemos un microestadio de 2.800 metros cuadrados y despu\u00e9s todo el sector de atletismo, donde tenemos pistas, canchas de beach voley, canchas multifunci\u00f3n, tambi\u00e9n de hockey, f\u00fatbol 5, handball y de distintos tipos de disciplinas\u201d, detall\u00f3 Rodr\u00edguez, adelantando como \u201cfecha aproximada\u201d de culminaci\u00f3n de obras \u201cfinales de agosto, principio de septiembre\u201d.<br \/>\nCon la premisa de promover la generaci\u00f3n de empleo genuino y el uso de mano de obra local debidamente calificada, la arquitecta reconoci\u00f3 que actualmente cuentan con 50 personas trabajando. \u201cEsa capacidad la vamos a llevar m\u00e1s o menos a 60 o 65 personas\u201d, a las cuales se suman \u201calrededor de 25 o 30 m\u00e1s entre proveedores y distintos subcontratados, llegando a unas 100 personas si se cuenta tambi\u00e9n la parte administrativa y t\u00e9cnica de la empresa\u201d, sostuvo.<br \/>\n\u201cUna evaluaci\u00f3n de la gesti\u00f3n&#8221;<br \/>\nEl ministro de Educaci\u00f3n, Aldo Lineras, coment\u00f3 que esta fue la tercera reuni\u00f3n que se hizo con el sector. \u201cEs una invitaci\u00f3n abierta a directores, docentes y trabajadores en general vinculados a la educaci\u00f3n para que expongan sus distintas inquietudes. Es una evaluaci\u00f3n de gesti\u00f3n en funci\u00f3n de lo que nos dice la ciudadan\u00eda, escuchamos las distintas demandas del d\u00eda a d\u00eda e inmediatamente el gobernador me da las instrucciones\u201d, indic\u00f3.<br \/>\nEl funcionario reconoci\u00f3 que la infraestructura \u201csiempre es un tema presente\u201d, tanto por los que \u201cagradecen\u201d las obras realizadas como por quienes demandan lo que falta. \u201cTenemos cubierto un 80% de las necesidades del sistema. Con 2.300 edificios, ese 20% restante en realidad son 500\u201d, se\u00f1al\u00f3, y sostuvo: \u201cestamos haciendo el mayor esfuerzo, a medida que van surgiendo los problemas los vamos atendiendo para llegar a la meta de 180 edificios nuevos, ampliados o refaccionados en estos cuatro a\u00f1os de gesti\u00f3n y a 800 en los tres mandatos de Capitanich\u201d.<br \/>\n\u201cPero la infraestructura no es todo, tambi\u00e9n hay demandas de estabilidad laboral y un sin n\u00famero de facetas. Al docente le hace muy bien hablar con el gobernador, porque por m\u00e1s que yo venga diez veces no es lo mismo, se sienten m\u00e1s contenidos, por eso este esquema de reuniones lo vamos a mantener a lo largo y ancho de la provincia\u201d, asegur\u00f3 Lineras.<br \/>\nEncuentro con comerciantes<br \/>\nEl presidente de la C\u00e1mara de Comercio de S\u00e1enz Pe\u00f1a, Ramiro Trabal\u00f3n, cont\u00f3 que en el encuentro cada uno de los exponentes pudo expresar sus inquietudes y que el gobernador junto con su equipo, escuch\u00f3, tom\u00f3 notas y respondi\u00f3. \u201cSiempre se mostr\u00f3 muy dispuesto a resolver los problemas, por lo que estamos muy contentos con la reuni\u00f3n\u201d, dijo.<br \/>\nPor su parte, el secretario de la C\u00e1mara, Mart\u00edn Sobol, cont\u00f3 que uno de los puntos que se trat\u00f3 fue el avance de la refacci\u00f3n del aeropuerto para volverlo operativo, junto con la posibilidad de instalar un hangar para que all\u00ed pueda operar la Prefectura. \u201cEn ese sentido nos coment\u00f3 el estado de avance y nos detall\u00f3 que se est\u00e1 trabajando en conjunto con Aerol\u00edneas Argentinas para saber cu\u00e1les son los requisitos para el funcionamiento del Aeropuerto, por lo que son buenas noticias\u201d, indic\u00f3.<br \/>\nOtro punto importante fue el de la posibilidad de establecer en la Universidad del Chaco Austral una academia de polic\u00eda similar a la de Resistencia, para que el aspirante no tenga que trasladarse tan lejos de su familia. \u201cEn ese sentido nos dej\u00f3 en claro que se puede trabajar para llevar algo adelante en la Uncaus. Adem\u00e1s a todos los interesados que plantearon alg\u00fan problema, es decir que hicieron uso de la palabra, se los anot\u00f3 para vincularlos con cada \u00e1rea espec\u00edfica para resolver la cuesti\u00f3n\u201d, remarc\u00f3.<\/p>\n","protected":false},"excerpt":{"rendered":"<p>En ronda de di\u00e1logo, Capitanich escuch\u00f3 inquietudes espec\u00edficas de cada sector trazando una agenda para resolverlas. Por otra parte, por sus cualidades y dimensiones, el edificio del Centro de Educaci\u00f3n F\u00edsica se constituir\u00e1 en el m\u00e1s importante de la localidad, con la aptitud necesaria para albergar eventos deportivos regionales. En el marco de su visita [&hellip;]<\/p>\n","protected":false},"author":1,"featured_media":24153,"comment_status":"closed","ping_status":"closed","sticky":false,"template":"","format":"standard","meta":{"footnotes":""},"categories":[6],"tags":[],"class_list":{"0":"post-24152","1":"post","2":"type-post","3":"status-publish","4":"format-standard","5":"has-post-thumbnail","7":"category-chaco"},"_links":{"self":[{"href":"https:\/\/chacosintesis.com.ar\/index.php\/wp-json\/wp\/v2\/posts\/24152","targetHints":{"allow":["GET"]}}],"collection":[{"href":"https:\/\/chacosintesis.com.ar\/index.php\/wp-json\/wp\/v2\/posts"}],"about":[{"href":"https:\/\/chacosintesis.com.ar\/index.php\/wp-json\/wp\/v2\/types\/post"}],"author":[{"embeddable":true,"href":"https:\/\/chacosintesis.com.ar\/index.php\/wp-json\/wp\/v2\/users\/1"}],"replies":[{"embeddable":true,"href":"https:\/\/chacosintesis.com.ar\/index.php\/wp-json\/wp\/v2\/comments?post=24152"}],"version-history":[{"count":0,"href":"https:\/\/chacosintesis.com.ar\/index.php\/wp-json\/wp\/v2\/posts\/24152\/revisions"}],"wp:featuredmedia":[{"embeddable":true,"href":"https:\/\/chacosintesis.com.ar\/index.php\/wp-json\/wp\/v2\/media\/24153"}],"wp:attachment":[{"href":"https:\/\/chacosintesis.com.ar\/index.php\/wp-json\/wp\/v2\/media?parent=24152"}],"wp:term":[{"taxonomy":"category","embeddable":true,"href":"https:\/\/chacosintesis.com.ar\/index.php\/wp-json\/wp\/v2\/categories?post=24152"},{"taxonomy":"post_tag","embeddable":true,"href":"https:\/\/chacosintesis.com.ar\/index.php\/wp-json\/wp\/v2\/tags?post=24152"}],"curies":[{"name":"wp","href":"https:\/\/api.w.org\/{rel}","templated":true}]}}