{"id":24148,"date":"2023-07-20T21:06:28","date_gmt":"2023-07-21T00:06:28","guid":{"rendered":"https:\/\/chacosintesis.com.ar\/?p=24148"},"modified":"2023-07-20T21:06:50","modified_gmt":"2023-07-21T00:06:50","slug":"brindaron-mas-de-7-000-prestaciones-medicas-y-sociales-en-nueve-localidades","status":"publish","type":"post","link":"https:\/\/chacosintesis.com.ar\/index.php\/brindaron-mas-de-7-000-prestaciones-medicas-y-sociales-en-nueve-localidades\/","title":{"rendered":"Brindaron m\u00e1s de 7.000 prestaciones m\u00e9dicas y sociales en nueve localidades"},"content":{"rendered":"<p>Del 3 al 17 de julio tuvieron lugar los operativos. Se trata de una iniciativa coordinada por los ministerios provinciales de Gobierno y Salud, en conjunto con organismos nacionales con el objetivo de garantizar el acceso a atenci\u00f3n m\u00e9dica, gestiones y servicios sociales para la poblaci\u00f3n.<br \/>\nEl gobierno provincial coordin\u00f3 una nueva Campa\u00f1a Socio sanitaria que finaliz\u00f3 con m\u00e1s de 7.000 prestaciones m\u00e9dicas y de gesti\u00f3n de servicios sociales en nueve localidades.<br \/>\nSe trata de un abordaje territorial que se realiza cada a\u00f1o por parte de los ministerios de Defensa, Salud y Desarrollo Social de la Naci\u00f3n en conjunto a los ministerios provinciales de Gobierno y Trabajo, junto a Salud P\u00fablica y los municipios. La iniciativa tiene como objetivo mejorar el acceso a la atenci\u00f3n sanitaria en distintas ciudades.<br \/>\nDel 3 al 17 de julio se ofrecieron los servicios m\u00e9dicos de pediatr\u00eda, cl\u00ednica m\u00e9dica, ginecolog\u00eda, obstetricia, electrocardiograma, oftalmolog\u00eda, odontolog\u00eda, ecograf\u00eda, urolog\u00eda, enfermer\u00eda, psicolog\u00eda, farmacia y vacunaci\u00f3n. Y acceso a gestiones de Registro Civil, Renaper, Anses, Desarrollo Social, Pami, Andis, Iprodich e Incluir Salud.<br \/>\nEn total, las prestaciones fueron 7009, de las cuales 5.358 corresponden a servicios de salud y 1651 a gestiones sociales. En tanto que las prestaciones totales por localidad fueron: en Puerto Bermejo (437), Puerto Eva Per\u00f3n (624), La Leonesa (1572), General Vedia (638), El Espinillo (1439), Juan Jos\u00e9 Castelli (1063), Isla del Cerrito (414), San Pedro Pescador (416), e Isla Soto (385).<\/p>\n","protected":false},"excerpt":{"rendered":"<p>Del 3 al 17 de julio tuvieron lugar los operativos. Se trata de una iniciativa coordinada por los ministerios provinciales de Gobierno y Salud, en conjunto con organismos nacionales con el objetivo de garantizar el acceso a atenci\u00f3n m\u00e9dica, gestiones y servicios sociales para la poblaci\u00f3n. El gobierno provincial coordin\u00f3 una nueva Campa\u00f1a Socio sanitaria [&hellip;]<\/p>\n","protected":false},"author":1,"featured_media":24149,"comment_status":"closed","ping_status":"closed","sticky":false,"template":"","format":"standard","meta":{"footnotes":""},"categories":[6],"tags":[],"class_list":{"0":"post-24148","1":"post","2":"type-post","3":"status-publish","4":"format-standard","5":"has-post-thumbnail","7":"category-chaco"},"_links":{"self":[{"href":"https:\/\/chacosintesis.com.ar\/index.php\/wp-json\/wp\/v2\/posts\/24148","targetHints":{"allow":["GET"]}}],"collection":[{"href":"https:\/\/chacosintesis.com.ar\/index.php\/wp-json\/wp\/v2\/posts"}],"about":[{"href":"https:\/\/chacosintesis.com.ar\/index.php\/wp-json\/wp\/v2\/types\/post"}],"author":[{"embeddable":true,"href":"https:\/\/chacosintesis.com.ar\/index.php\/wp-json\/wp\/v2\/users\/1"}],"replies":[{"embeddable":true,"href":"https:\/\/chacosintesis.com.ar\/index.php\/wp-json\/wp\/v2\/comments?post=24148"}],"version-history":[{"count":0,"href":"https:\/\/chacosintesis.com.ar\/index.php\/wp-json\/wp\/v2\/posts\/24148\/revisions"}],"wp:featuredmedia":[{"embeddable":true,"href":"https:\/\/chacosintesis.com.ar\/index.php\/wp-json\/wp\/v2\/media\/24149"}],"wp:attachment":[{"href":"https:\/\/chacosintesis.com.ar\/index.php\/wp-json\/wp\/v2\/media?parent=24148"}],"wp:term":[{"taxonomy":"category","embeddable":true,"href":"https:\/\/chacosintesis.com.ar\/index.php\/wp-json\/wp\/v2\/categories?post=24148"},{"taxonomy":"post_tag","embeddable":true,"href":"https:\/\/chacosintesis.com.ar\/index.php\/wp-json\/wp\/v2\/tags?post=24148"}],"curies":[{"name":"wp","href":"https:\/\/api.w.org\/{rel}","templated":true}]}}