{"id":24128,"date":"2023-07-20T20:42:10","date_gmt":"2023-07-20T23:42:10","guid":{"rendered":"https:\/\/chacosintesis.com.ar\/?p=24128"},"modified":"2023-07-20T21:06:44","modified_gmt":"2023-07-21T00:06:44","slug":"aguardan-pericias-e-informes-por-el-bebe-que-ingreso-en-estado-critico-al-hospital-perrando","status":"publish","type":"post","link":"https:\/\/chacosintesis.com.ar\/index.php\/aguardan-pericias-e-informes-por-el-bebe-que-ingreso-en-estado-critico-al-hospital-perrando\/","title":{"rendered":"Aguardan pericias e informes por el beb\u00e9 que ingres\u00f3 en estado cr\u00edtico al Hospital Perrando"},"content":{"rendered":"<p>La fiscal de investigaci\u00f3n N\u00ba 3, Rosana Soto, confirm\u00f3 que se aguardan los resultados de los an\u00e1lisis solicitados al Instituto de Medicina y Ciencias Forenses del Poder Judicial y los informes sociales realizados por la L\u00ednea 102.<br \/>\nPermanece internado en el Hospital \u201cJulio C. Perrando\u201d de Resistencia el beb\u00e9 de veinti\u00fan d\u00edas que ingres\u00f3 la tarde del domingo 16 de julio con s\u00edndrome de dificultad respiratoria grave con asistencia mec\u00e1nica y en estado cr\u00edtico.<br \/>\nLa fiscal de investigaci\u00f3n N\u00ba 3 Rosana Soto explic\u00f3 que el hecho es investigado en el expediente 27.324\/23. Seg\u00fan la fiscal, mientras avanzan con otras medidas, se aguardan los resultados de los an\u00e1lisis solicitados al Instituto de Medicina y Ciencias Forenses del Poder Judicial y los informes sociales realizados por la L\u00ednea 102.<br \/>\nEl menor de edad se encuentra en el Servicio de Neonatolog\u00eda luego de que fuera llevado por su madre al nosocomio de la capital provincial y a ra\u00edz del desmejoramiento en su estado de salud.<\/p>\n","protected":false},"excerpt":{"rendered":"<p>La fiscal de investigaci\u00f3n N\u00ba 3, Rosana Soto, confirm\u00f3 que se aguardan los resultados de los an\u00e1lisis solicitados al Instituto de Medicina y Ciencias Forenses del Poder Judicial y los informes sociales realizados por la L\u00ednea 102. Permanece internado en el Hospital \u201cJulio C. Perrando\u201d de Resistencia el beb\u00e9 de veinti\u00fan d\u00edas que ingres\u00f3 la [&hellip;]<\/p>\n","protected":false},"author":1,"featured_media":24129,"comment_status":"closed","ping_status":"closed","sticky":false,"template":"","format":"standard","meta":{"footnotes":""},"categories":[6],"tags":[],"class_list":{"0":"post-24128","1":"post","2":"type-post","3":"status-publish","4":"format-standard","5":"has-post-thumbnail","7":"category-chaco"},"_links":{"self":[{"href":"https:\/\/chacosintesis.com.ar\/index.php\/wp-json\/wp\/v2\/posts\/24128","targetHints":{"allow":["GET"]}}],"collection":[{"href":"https:\/\/chacosintesis.com.ar\/index.php\/wp-json\/wp\/v2\/posts"}],"about":[{"href":"https:\/\/chacosintesis.com.ar\/index.php\/wp-json\/wp\/v2\/types\/post"}],"author":[{"embeddable":true,"href":"https:\/\/chacosintesis.com.ar\/index.php\/wp-json\/wp\/v2\/users\/1"}],"replies":[{"embeddable":true,"href":"https:\/\/chacosintesis.com.ar\/index.php\/wp-json\/wp\/v2\/comments?post=24128"}],"version-history":[{"count":0,"href":"https:\/\/chacosintesis.com.ar\/index.php\/wp-json\/wp\/v2\/posts\/24128\/revisions"}],"wp:featuredmedia":[{"embeddable":true,"href":"https:\/\/chacosintesis.com.ar\/index.php\/wp-json\/wp\/v2\/media\/24129"}],"wp:attachment":[{"href":"https:\/\/chacosintesis.com.ar\/index.php\/wp-json\/wp\/v2\/media?parent=24128"}],"wp:term":[{"taxonomy":"category","embeddable":true,"href":"https:\/\/chacosintesis.com.ar\/index.php\/wp-json\/wp\/v2\/categories?post=24128"},{"taxonomy":"post_tag","embeddable":true,"href":"https:\/\/chacosintesis.com.ar\/index.php\/wp-json\/wp\/v2\/tags?post=24128"}],"curies":[{"name":"wp","href":"https:\/\/api.w.org\/{rel}","templated":true}]}}