{"id":24124,"date":"2023-07-20T19:38:37","date_gmt":"2023-07-20T22:38:37","guid":{"rendered":"https:\/\/chacosintesis.com.ar\/?p=24124"},"modified":"2023-07-20T20:06:39","modified_gmt":"2023-07-20T23:06:39","slug":"comienza-el-aumento-de-temperatura-en-la-provincia-y-en-el-fin-de-semana-se-superarian-los-30","status":"publish","type":"post","link":"https:\/\/chacosintesis.com.ar\/index.php\/comienza-el-aumento-de-temperatura-en-la-provincia-y-en-el-fin-de-semana-se-superarian-los-30\/","title":{"rendered":"Comienza el aumento de temperatura en la provincia y en el fin de semana se superar\u00edan los 30\u00b0"},"content":{"rendered":"<p>Luego de unos intensos d\u00edas de repentino fr\u00edo, el at\u00edpico invierno chaque\u00f1o tendr\u00eda un nuevo \u201cveranillo\u201d en pleno julio a partir de este jueves y durante todo el fin de semana inclusive, cuando el term\u00f3metro podr\u00eda superar los 30\u00b0 de m\u00e1xima en gran parte del Chaco.<br \/>\nEn este jueves festivo por la celebraci\u00f3n del D\u00eda del Amigo el cielo no se muestra bastante nublado, aunque sin riesgos de probabilidad de lluvia en la provincia. Esto, se acompa\u00f1a del progresivo aumento de temperatura que prev\u00e9 en la jornada de hoy una m\u00ednima de 12\u00b0 y una m\u00e1xima de 25\u00b0, con vientos que se har\u00edan notar a partir de la tarde.<br \/>\nEl \u00faltimo d\u00eda h\u00e1bil de la semana traer\u00eda una m\u00e1xima de 30\u00b0 y m\u00ednima de 16\u00b0, con cielo parcialmente nublado durante casi toda la jornada y mucho viento a partir de la noche.<br \/>\nDe cara al inicio del fin de semana, el s\u00e1bado se espera un arranque con fuertes vientos desde el norte, mientras que la temperatura se ubicar\u00eda entre los 21\u00b0 y los 32\u00b0 y el cielo se mantendr\u00eda nublado.<br \/>\nPara el domingo la m\u00e1xima se fija entre 29\u00b0 y 31\u00b0, con cielo parcialmente cubierto de nubes aunque sin riesgos de precipitaciones. En los d\u00edas siguientes comenzar\u00eda un progresivo descenso de temperatura y la posibilidad de algunas precipitaciones.<\/p>\n","protected":false},"excerpt":{"rendered":"<p>Luego de unos intensos d\u00edas de repentino fr\u00edo, el at\u00edpico invierno chaque\u00f1o tendr\u00eda un nuevo \u201cveranillo\u201d en pleno julio a partir de este jueves y durante todo el fin de semana inclusive, cuando el term\u00f3metro podr\u00eda superar los 30\u00b0 de m\u00e1xima en gran parte del Chaco. En este jueves festivo por la celebraci\u00f3n del D\u00eda [&hellip;]<\/p>\n","protected":false},"author":1,"featured_media":24125,"comment_status":"closed","ping_status":"closed","sticky":false,"template":"","format":"standard","meta":{"footnotes":""},"categories":[6],"tags":[],"class_list":{"0":"post-24124","1":"post","2":"type-post","3":"status-publish","4":"format-standard","5":"has-post-thumbnail","7":"category-chaco"},"_links":{"self":[{"href":"https:\/\/chacosintesis.com.ar\/index.php\/wp-json\/wp\/v2\/posts\/24124","targetHints":{"allow":["GET"]}}],"collection":[{"href":"https:\/\/chacosintesis.com.ar\/index.php\/wp-json\/wp\/v2\/posts"}],"about":[{"href":"https:\/\/chacosintesis.com.ar\/index.php\/wp-json\/wp\/v2\/types\/post"}],"author":[{"embeddable":true,"href":"https:\/\/chacosintesis.com.ar\/index.php\/wp-json\/wp\/v2\/users\/1"}],"replies":[{"embeddable":true,"href":"https:\/\/chacosintesis.com.ar\/index.php\/wp-json\/wp\/v2\/comments?post=24124"}],"version-history":[{"count":0,"href":"https:\/\/chacosintesis.com.ar\/index.php\/wp-json\/wp\/v2\/posts\/24124\/revisions"}],"wp:featuredmedia":[{"embeddable":true,"href":"https:\/\/chacosintesis.com.ar\/index.php\/wp-json\/wp\/v2\/media\/24125"}],"wp:attachment":[{"href":"https:\/\/chacosintesis.com.ar\/index.php\/wp-json\/wp\/v2\/media?parent=24124"}],"wp:term":[{"taxonomy":"category","embeddable":true,"href":"https:\/\/chacosintesis.com.ar\/index.php\/wp-json\/wp\/v2\/categories?post=24124"},{"taxonomy":"post_tag","embeddable":true,"href":"https:\/\/chacosintesis.com.ar\/index.php\/wp-json\/wp\/v2\/tags?post=24124"}],"curies":[{"name":"wp","href":"https:\/\/api.w.org\/{rel}","templated":true}]}}