{"id":24122,"date":"2023-07-20T19:37:03","date_gmt":"2023-07-20T22:37:03","guid":{"rendered":"https:\/\/chacosintesis.com.ar\/?p=24122"},"modified":"2023-07-20T20:06:39","modified_gmt":"2023-07-20T23:06:39","slug":"cambiemos-fue-por-todo-y-no-dejo-nada","status":"publish","type":"post","link":"https:\/\/chacosintesis.com.ar\/index.php\/cambiemos-fue-por-todo-y-no-dejo-nada\/","title":{"rendered":"\u201cCambiemos fue por todo y no dej\u00f3 nada\u201d"},"content":{"rendered":"<p>&#8220;Todos condenamos los casos que conmocionan a la sociedad, pero solamente ustedes los usan pol\u00edticamente para querer ganar un voto como sea&#8221;, afirma el escrito emitido en respuesta a las publicaciones de la dirigencia opositora. A su vez, solicitaron \u201cmadurez y responsabilidad a la dirigencia\u201d.<\/p>\n<p>La coalici\u00f3n pol\u00edtica Frente Chaque\u00f1o (FCH) emiti\u00f3 este jueves un comunicado de prensa en el que apuntaron hacia la dirigencia de Juntos por el Cambio por \u201cno tener memoria\u201d y denunciaron \u201cel irresponsable uso pol\u00edtico de hechos qu\u00e9 causaron conmoci\u00f3n en la sociedad\u201d. &#8220;Todos condenamos los casos que conmocionan a la sociedad, pero solamente ustedes los usan pol\u00edticamente para querer ganar un voto como sea&#8221;, afirma el documento emitido en respuesta a las publicaciones de la dirigencia opositora. A su vez, solicitaron \u201cmadurez y responsabilidad a la dirigencia\u201d.<br \/>\n&#8220;Es, justamente, el macrismo el que us\u00f3 hechos muy tristes sucedidos en el pa\u00eds para aprovecharse electoralmente, por eso nos sorprende de manera poco agradable que el radicalismo chaque\u00f1o haga propia esta metodolog\u00eda sucia y ventajera&#8221;, apunta el documento. Y agrega: &#8220;Cuando ustedes dicen que el pueblo chaque\u00f1o ha despertado, lo que vemos es que en realidad son ustedes quienes intentan pasar por alto y de manera prepotente que el conjunto de la sociedad en el Chaco lo que busca es Justicia y no un uso pol\u00edtico de sucesos que nos compungen a todos&#8221;.<br \/>\nDesde el FCH tambi\u00e9n recordaron que se trata de \u201cel mismo espacio pol\u00edtico responsable de haber triplicado la indigencia y haber aumentado la pobreza de la mano de Mauricio Macri\u201d. &#8220;Llama la atenci\u00f3n que quienes hoy pretenden erigirse como un faro moral son los mismos que cuando gobernaron el pa\u00eds se fueron con los peores indicadores de la historia econ\u00f3mica argentina&#8221;, agrega.<br \/>\n&#8220;Un m\u00ednimo de memoria&#8221;<br \/>\nEn el comunicado se reclama adem\u00e1s &#8220;un m\u00ednimo de memoria y autoridad moral&#8221; a la dirigencia de Juntos por el Cambio, &#8220;a quienes habr\u00eda que refrescarles lo que pas\u00f3 en la Argentina entre 2015 y 2019\u201d.<br \/>\n&#8220;Los que hoy felizmente hablan y hablan sin proponer absolutamente nada son los mismos que aplaud\u00edan a rabiar a Macri, el presidente que hipotec\u00f3 el futuro de todos los argentinos con una deuda de 44 mil millones de d\u00f3lares s\u00f3lo con el Fondo Monetario y de pr\u00e1cticamente 100 mil millones de d\u00f3lares con el mercado y los buitres&#8221;, afirma el texto. Adem\u00e1s, expresa que \u201ces raro que ahora hablen cuando en su momento solamente festejaban que Juntos por el Cambio tome deuda a 100 a\u00f1os, es decir, dinero que ni siquiera nuestros nietos van a terminar de pagar por culpa de ustedes\u201d.<br \/>\n&#8220;Ustedes son los responsables de eso, pero tambi\u00e9n de haber aumentado las tarifas un 3.000%, de dejar en la calle a 230 mil personas, de destruirles los sue\u00f1os a 24 mil empresarios pyme entre otras calamidades que causaron en apenas cuatro a\u00f1os&#8221;, remarca el comunicado.<br \/>\nEl documento recuerda adem\u00e1s la responsabilidad de Cambiemos en los cierres de f\u00e1bricas en la provincia: \u201cson los responsables del cierre de TN Platex en Puerto Tirol, dejando 166 familias en la calle y del cierre de Fibranor en Fontana, 70 familias en la calle. Citertex en Sa\u0301enz Pen\u0303a, 24 familias en la calle. Cardo\u0301n-Pampero, en Fontana, 50 familias en la calle. La planta industrial de Ghiggeri Motos en Puerto Tirol, 50 familias en la calle\u201d.<br \/>\n\u201cSon los responsables de que hayamos tenido la tasa de desempleo m\u00e1s alta desde el a\u00f1o 2006 y de haber llevado a 2 d\u00edgitos la desocupaci\u00f3n\u201d, \u201cde dejar a 23 mil j\u00f3venes sin poder capacitarse\u201d, afirma. En materia de obras emblem\u00e1ticas para los chaque\u00f1os, el comunicado remarca que \u201custedes son los responsables de dejar miles de chaque\u00f1os y chaque\u00f1as sin la posibilidad de acceder al agua potable, paralizando durante 4 a\u00f1os el segundo acueducto del interior, de frenar durante 4 a\u00f1os la autov\u00eda de la ruta 11, entre tantas obras\u201d. \u201cLa verdad es que fueron por todo, y no dejaron nada. Son unos verdaderos irresponsables\u201d, asevera el texto.<br \/>\nSobre expresiones en el comunicado de Cambiemos<br \/>\nEl comunicado, adem\u00e1s, responde a una serie de expresiones del comunicado opositor, en el que expresaron \u201c\u00a1Cu\u00e1ntos chaque\u00f1os laburan de sol a sol, algunos haciendo horas extras, y a veces, hasta con 2 sueldos en un hogar no les alcanza para cubrir la canasta b\u00e1sica!\u201d. Y desde el Frente Chaque\u00f1o afirmaron que \u201ces cierto, somos muchos los chaque\u00f1os y chaque\u00f1as que laburamos de sol a sol todos los d\u00edas. Nuestro principal ejemplo es nuestro candidato a Gobernador quien trabaja todos los d\u00edas sin tomarse vacaciones. Pero lo cierto es que ustedes son los excluidos de esos chaque\u00f1os que laburan de sol a sol, pues su candidato a gobernador, actual diputado provincial, vivi\u00f3\u0301 toda su vida del Estado. No se presenta a las sesiones y tampoco elabora proyectos de ley\u201d.<br \/>\nPuntualmente, el texto sugiere a los legisladores opositores que \u201cprueben con trabajar, con construir propuestas para los chaque\u00f1os\u201d. Respecto a otras de sus frases que indica: \u201cEl pueblo chaque\u00f1o ha despertado y vamos a seguir pidiendo explicaciones desde el lugar que nos toque porque si no se respetan los derechos y la vida de las personas, deber\u00e1n rendir cuenta ante la justicia y sin ninguna \u201ccoronita\u201d puesta\u201d.<br \/>\nDesde el Frente Chaque\u00f1o recordaron que fue el actual gobernador quien impuls\u00f3 el juicio de residencia en la provincia, \u201cno fue Cambiemos, acostumbrados ustedes a gobernar por decreto. Si no conocen la ley de juicio de residencia, ser\u00eda bueno que la lean. Hacer pol\u00edtica es tambi\u00e9n formarse\u201d, finaliza el documento.<\/p>\n","protected":false},"excerpt":{"rendered":"<p>&#8220;Todos condenamos los casos que conmocionan a la sociedad, pero solamente ustedes los usan pol\u00edticamente para querer ganar un voto como sea&#8221;, afirma el escrito emitido en respuesta a las publicaciones de la dirigencia opositora. A su vez, solicitaron \u201cmadurez y responsabilidad a la dirigencia\u201d. La coalici\u00f3n pol\u00edtica Frente Chaque\u00f1o (FCH) emiti\u00f3 este jueves un [&hellip;]<\/p>\n","protected":false},"author":1,"featured_media":24123,"comment_status":"closed","ping_status":"closed","sticky":false,"template":"","format":"standard","meta":{"footnotes":""},"categories":[6],"tags":[],"class_list":{"0":"post-24122","1":"post","2":"type-post","3":"status-publish","4":"format-standard","5":"has-post-thumbnail","7":"category-chaco"},"_links":{"self":[{"href":"https:\/\/chacosintesis.com.ar\/index.php\/wp-json\/wp\/v2\/posts\/24122","targetHints":{"allow":["GET"]}}],"collection":[{"href":"https:\/\/chacosintesis.com.ar\/index.php\/wp-json\/wp\/v2\/posts"}],"about":[{"href":"https:\/\/chacosintesis.com.ar\/index.php\/wp-json\/wp\/v2\/types\/post"}],"author":[{"embeddable":true,"href":"https:\/\/chacosintesis.com.ar\/index.php\/wp-json\/wp\/v2\/users\/1"}],"replies":[{"embeddable":true,"href":"https:\/\/chacosintesis.com.ar\/index.php\/wp-json\/wp\/v2\/comments?post=24122"}],"version-history":[{"count":0,"href":"https:\/\/chacosintesis.com.ar\/index.php\/wp-json\/wp\/v2\/posts\/24122\/revisions"}],"wp:featuredmedia":[{"embeddable":true,"href":"https:\/\/chacosintesis.com.ar\/index.php\/wp-json\/wp\/v2\/media\/24123"}],"wp:attachment":[{"href":"https:\/\/chacosintesis.com.ar\/index.php\/wp-json\/wp\/v2\/media?parent=24122"}],"wp:term":[{"taxonomy":"category","embeddable":true,"href":"https:\/\/chacosintesis.com.ar\/index.php\/wp-json\/wp\/v2\/categories?post=24122"},{"taxonomy":"post_tag","embeddable":true,"href":"https:\/\/chacosintesis.com.ar\/index.php\/wp-json\/wp\/v2\/tags?post=24122"}],"curies":[{"name":"wp","href":"https:\/\/api.w.org\/{rel}","templated":true}]}}