{"id":24120,"date":"2023-07-20T19:35:50","date_gmt":"2023-07-20T22:35:50","guid":{"rendered":"https:\/\/chacosintesis.com.ar\/?p=24120"},"modified":"2023-07-20T19:36:53","modified_gmt":"2023-07-20T22:36:53","slug":"dos-hermanos-menores-de-edad-serian-los-autores-de-apunalar-y-asesinar-a-un-jubilado","status":"publish","type":"post","link":"https:\/\/chacosintesis.com.ar\/index.php\/dos-hermanos-menores-de-edad-serian-los-autores-de-apunalar-y-asesinar-a-un-jubilado\/","title":{"rendered":"Dos hermanos menores de edad ser\u00edan los autores de apu\u00f1alar y asesinar a un jubilado"},"content":{"rendered":"<p>Dos hermanos menores de 15 y 16 a\u00f1os ser\u00edan los supuestos asesinos del jubilado Oscar Ram\u00edrez, del barrio 713 Viviendas, que ayer fue encontrado muerto, por un vecino que ingres\u00f3 a la vivienda tras no verlo varios d\u00edas. Adem\u00e1s, por tratarse de un crimen con alevos\u00eda, el menor de 16 a\u00f1os podr\u00eda llegar a ser imputable, de confirmarse las pruebas de la autor\u00eda material del asesinato.<\/p>\n<p>Se supo que las tareas por parte de efectivos policiales de la Divisi\u00f3n de Investigaciones de esta ciudad dieron con los posibles autores materiales del cruel asesinato a pu\u00f1aladas del jubilado.<br \/>\nEl cuerpo del hombre fue encontrado ayer, y los sindicados ser\u00edan dos hermanos menores de 15 y 16 a\u00f1os, vecinos de la v\u00edctima, y seg\u00fan las hip\u00f3tesis de las pesquisas se cree que podr\u00edan llegar a ser conocidos del jubilado.<br \/>\n Al mismo tiempo, personal de la Divisi\u00f3n de Investigaciones tambi\u00e9n detuvo a un hombre de 39 a\u00f1os de edad, quien ten\u00eda la motocicleta que fue sustra\u00edda de la vivienda del jubilado asesinado, y que por el momento esa persona est\u00e1 detenida, hasta confirmar si no tendr\u00eda participaci\u00f3n alguna en el asesinato de Ram\u00edrez, indicaron las fuentes.<br \/>\nAsimismo, por tratarse de dos menores de edad, tomaron participaci\u00f3n en el hecho, el Juzgado del Menor y la Familia, para el caso del joven de 16 a\u00f1os. Mientras que personal de la UPI intervino para el caso del menor de 15, quien dispuso que sea reintegrado al seno familiar, al cuidado de una persona del entorno.<\/p>\n<p>DIARIO NORTE.-<\/p>\n","protected":false},"excerpt":{"rendered":"<p>Dos hermanos menores de 15 y 16 a\u00f1os ser\u00edan los supuestos asesinos del jubilado Oscar Ram\u00edrez, del barrio 713 Viviendas, que ayer fue encontrado muerto, por un vecino que ingres\u00f3 a la vivienda tras no verlo varios d\u00edas. Adem\u00e1s, por tratarse de un crimen con alevos\u00eda, el menor de 16 a\u00f1os podr\u00eda llegar a ser [&hellip;]<\/p>\n","protected":false},"author":1,"featured_media":24121,"comment_status":"closed","ping_status":"closed","sticky":false,"template":"","format":"standard","meta":{"footnotes":""},"categories":[6],"tags":[],"class_list":{"0":"post-24120","1":"post","2":"type-post","3":"status-publish","4":"format-standard","5":"has-post-thumbnail","7":"category-chaco"},"_links":{"self":[{"href":"https:\/\/chacosintesis.com.ar\/index.php\/wp-json\/wp\/v2\/posts\/24120","targetHints":{"allow":["GET"]}}],"collection":[{"href":"https:\/\/chacosintesis.com.ar\/index.php\/wp-json\/wp\/v2\/posts"}],"about":[{"href":"https:\/\/chacosintesis.com.ar\/index.php\/wp-json\/wp\/v2\/types\/post"}],"author":[{"embeddable":true,"href":"https:\/\/chacosintesis.com.ar\/index.php\/wp-json\/wp\/v2\/users\/1"}],"replies":[{"embeddable":true,"href":"https:\/\/chacosintesis.com.ar\/index.php\/wp-json\/wp\/v2\/comments?post=24120"}],"version-history":[{"count":0,"href":"https:\/\/chacosintesis.com.ar\/index.php\/wp-json\/wp\/v2\/posts\/24120\/revisions"}],"wp:featuredmedia":[{"embeddable":true,"href":"https:\/\/chacosintesis.com.ar\/index.php\/wp-json\/wp\/v2\/media\/24121"}],"wp:attachment":[{"href":"https:\/\/chacosintesis.com.ar\/index.php\/wp-json\/wp\/v2\/media?parent=24120"}],"wp:term":[{"taxonomy":"category","embeddable":true,"href":"https:\/\/chacosintesis.com.ar\/index.php\/wp-json\/wp\/v2\/categories?post=24120"},{"taxonomy":"post_tag","embeddable":true,"href":"https:\/\/chacosintesis.com.ar\/index.php\/wp-json\/wp\/v2\/tags?post=24120"}],"curies":[{"name":"wp","href":"https:\/\/api.w.org\/{rel}","templated":true}]}}