{"id":24118,"date":"2023-07-20T19:32:59","date_gmt":"2023-07-20T22:32:59","guid":{"rendered":"https:\/\/chacosintesis.com.ar\/?p=24118"},"modified":"2023-07-20T19:36:52","modified_gmt":"2023-07-20T22:36:52","slug":"juntos-por-el-cambio-a-capitanich-se-le-esta-destapando-la-olla","status":"publish","type":"post","link":"https:\/\/chacosintesis.com.ar\/index.php\/juntos-por-el-cambio-a-capitanich-se-le-esta-destapando-la-olla\/","title":{"rendered":"Juntos por el Cambio: &#8220;A Capitanich se le est\u00e1 destapando la olla&#8221;"},"content":{"rendered":"<p>Desde Juntos por el Cambio, Chaco Cambia, repudiamos y expresamos que: \u201cUna vez m\u00e1s, un piquetero amigo, socio y candidato renunciado a diputado provincial del gobernador Capitanich, aparece en nuestra realidad cotidiana denunciado y gravemente acusado de violaci\u00f3n por una auxiliar docente de la Escuela de Gesti\u00f3n Social que \u00e9l mismo dirige. Otro \u201cpiquetero\u201d dirigiendo una escuela, asesor en gobierno \u00bfa qui\u00e9n asesoraba? \u00bfa qu\u00e9 ministra, al gobernador? \u2013 cuestionaron.<\/p>\n<p>Con casas de fin de semana, con veh\u00edculos y con poder; as\u00ed cualquier funcionario funciona en el Chaco de Capitanich y por eso los chaque\u00f1os siguen en la pobreza y con los peores n\u00fameros. Se sigue cayendo el relato de Capitanich, de sus funcionarios y la impunidad contin\u00faa a la orden del d\u00eda. Se le est\u00e1 destapando la olla, una olla a presi\u00f3n que en cualquier momento iba a estallar y lo venimos advirtiendo, hace mucho tiempo. Le pedimos al gobernador que nos cuente si hay m\u00e1s noticias en sus listas, as\u00ed le contamos a los chaque\u00f1os, toda la verdad, de una sola vez. \u00bfCon cu\u00e1ntas boletas llegar\u00e1 Capitanich a septiembre o vamos tachando con rojo los que son \u201cdescubiertos\u201d en el camino? Se cometen hechos aberrantes con plata de los ciudadanos, la de todos que pagan rigurosamente los impuestos y sin embargo, el despilfarro ya es moneda corriente. \u00a1Cu\u00e1ntos chaque\u00f1os laburan de sol a sol, algunos haciendo horas extras, y a veces, hasta con 2 sueldos en un hogar no les alcanza para cubrir la canasta b\u00e1sica!!! Eso indigna, cuando tomamos conocimiento de estos clanes que aparecen en escena y solitos se mandan al frente- sigue el documento.<\/p>\n<p>Somos la provincia m\u00e1s pobre, todo oscuro y todav\u00eda hay que castigarla m\u00e1s, con oscuridad y mancharla con patrones de estancia como los \u201cSena\u201d \u201clas Vanesa L\u00f3pez\u201d, los \u201cQuint\u00edn\u201d. Aunque renuncien a sus candidaturas (solo por no poder tapar el sol con las manos) como un acto heroico, no podr\u00e1n borrar la estrecha amistad y la complicidad que mantienen con el gobernador Capitanich.<\/p>\n<p>Por \u00faltimo, remarcamos: \u201cEn diciembre se van, la gente ya no puede aguantar estos atropellos y que todos los d\u00edas seamos noticias en los medios nacionales. El pueblo chaque\u00f1o ha despertado y vamos a seguir pidiendo explicaciones desde el lugar que nos toque porque si no se respetan los derechos y la vida de las personas, deber\u00e1n rendir cuenta ante la justicia y sin ninguna \u201ccoronita\u201d puesta.<\/p>\n","protected":false},"excerpt":{"rendered":"<p>Desde Juntos por el Cambio, Chaco Cambia, repudiamos y expresamos que: \u201cUna vez m\u00e1s, un piquetero amigo, socio y candidato renunciado a diputado provincial del gobernador Capitanich, aparece en nuestra realidad cotidiana denunciado y gravemente acusado de violaci\u00f3n por una auxiliar docente de la Escuela de Gesti\u00f3n Social que \u00e9l mismo dirige. Otro \u201cpiquetero\u201d dirigiendo [&hellip;]<\/p>\n","protected":false},"author":1,"featured_media":24119,"comment_status":"closed","ping_status":"closed","sticky":false,"template":"","format":"standard","meta":{"footnotes":""},"categories":[6],"tags":[],"class_list":{"0":"post-24118","1":"post","2":"type-post","3":"status-publish","4":"format-standard","5":"has-post-thumbnail","7":"category-chaco"},"_links":{"self":[{"href":"https:\/\/chacosintesis.com.ar\/index.php\/wp-json\/wp\/v2\/posts\/24118","targetHints":{"allow":["GET"]}}],"collection":[{"href":"https:\/\/chacosintesis.com.ar\/index.php\/wp-json\/wp\/v2\/posts"}],"about":[{"href":"https:\/\/chacosintesis.com.ar\/index.php\/wp-json\/wp\/v2\/types\/post"}],"author":[{"embeddable":true,"href":"https:\/\/chacosintesis.com.ar\/index.php\/wp-json\/wp\/v2\/users\/1"}],"replies":[{"embeddable":true,"href":"https:\/\/chacosintesis.com.ar\/index.php\/wp-json\/wp\/v2\/comments?post=24118"}],"version-history":[{"count":0,"href":"https:\/\/chacosintesis.com.ar\/index.php\/wp-json\/wp\/v2\/posts\/24118\/revisions"}],"wp:featuredmedia":[{"embeddable":true,"href":"https:\/\/chacosintesis.com.ar\/index.php\/wp-json\/wp\/v2\/media\/24119"}],"wp:attachment":[{"href":"https:\/\/chacosintesis.com.ar\/index.php\/wp-json\/wp\/v2\/media?parent=24118"}],"wp:term":[{"taxonomy":"category","embeddable":true,"href":"https:\/\/chacosintesis.com.ar\/index.php\/wp-json\/wp\/v2\/categories?post=24118"},{"taxonomy":"post_tag","embeddable":true,"href":"https:\/\/chacosintesis.com.ar\/index.php\/wp-json\/wp\/v2\/tags?post=24118"}],"curies":[{"name":"wp","href":"https:\/\/api.w.org\/{rel}","templated":true}]}}