{"id":24116,"date":"2023-07-20T14:03:19","date_gmt":"2023-07-20T17:03:19","guid":{"rendered":"https:\/\/chacosintesis.com.ar\/?p=24116"},"modified":"2023-07-20T14:07:08","modified_gmt":"2023-07-20T17:07:08","slug":"quintin-gomez-fue-detenido-luego-de-presentarse-ante-fiscalia","status":"publish","type":"post","link":"https:\/\/chacosintesis.com.ar\/index.php\/quintin-gomez-fue-detenido-luego-de-presentarse-ante-fiscalia\/","title":{"rendered":"&#8220;Quint\u00edn&#8221; G\u00f3mez fue detenido luego de presentarse ante Fiscal\u00eda"},"content":{"rendered":"<p>El dirigente social Osmar Quint\u00edn G\u00f3mez qued\u00f3 detenido a disposici\u00f3n del Equipo Fiscal N\u00ba 3 de Resistencia que conduce la fiscal Rosana Soto.<\/p>\n<p>Osmar Quint\u00edn G\u00f3mez qued\u00f3 detenido a disposici\u00f3n del Equipo Fiscal N\u00ba 3 de Resistencia que conduce la fiscal Rosana Soto por la investigaci\u00f3n en el marco de la causa 27249\/2023 \u201cs\/ abuso sexual con acceso\u201d en que figura como supuesto autor del hecho. La informaci\u00f3n fue confirmada por un comunicado de prensa emitido por el Ministerio P\u00fablico Fiscal.<br \/>\nSeg\u00fan la informaci\u00f3n dada a conocer en el comunicado todo comenz\u00f3 el 17 de julio cuando una mujer lo denunci\u00f3 por un delito contra la integridad sexual ante la Divisi\u00f3n de Violencia Familiar de la provincial que le otorg\u00f3 en el acto  a la denunciante un bot\u00f3n.<br \/>\nLas actuaciones fueron enviadas a la fiscal\u00eda en turno y ese mismo d\u00eda la mujer fue examinada por el m\u00e9dico forense y la Direcci\u00f3n de Servicio Social del Poder Judicial. Adem\u00e1s, fueron solicitadas las grabaciones que puedan ser de utilidad para la investigaci\u00f3n a las divisiones de Videovigilancia y Cibercrimen.<\/p>\n","protected":false},"excerpt":{"rendered":"<p>El dirigente social Osmar Quint\u00edn G\u00f3mez qued\u00f3 detenido a disposici\u00f3n del Equipo Fiscal N\u00ba 3 de Resistencia que conduce la fiscal Rosana Soto. Osmar Quint\u00edn G\u00f3mez qued\u00f3 detenido a disposici\u00f3n del Equipo Fiscal N\u00ba 3 de Resistencia que conduce la fiscal Rosana Soto por la investigaci\u00f3n en el marco de la causa 27249\/2023 \u201cs\/ abuso [&hellip;]<\/p>\n","protected":false},"author":1,"featured_media":24117,"comment_status":"closed","ping_status":"closed","sticky":false,"template":"","format":"standard","meta":{"footnotes":""},"categories":[6],"tags":[],"class_list":{"0":"post-24116","1":"post","2":"type-post","3":"status-publish","4":"format-standard","5":"has-post-thumbnail","7":"category-chaco"},"_links":{"self":[{"href":"https:\/\/chacosintesis.com.ar\/index.php\/wp-json\/wp\/v2\/posts\/24116","targetHints":{"allow":["GET"]}}],"collection":[{"href":"https:\/\/chacosintesis.com.ar\/index.php\/wp-json\/wp\/v2\/posts"}],"about":[{"href":"https:\/\/chacosintesis.com.ar\/index.php\/wp-json\/wp\/v2\/types\/post"}],"author":[{"embeddable":true,"href":"https:\/\/chacosintesis.com.ar\/index.php\/wp-json\/wp\/v2\/users\/1"}],"replies":[{"embeddable":true,"href":"https:\/\/chacosintesis.com.ar\/index.php\/wp-json\/wp\/v2\/comments?post=24116"}],"version-history":[{"count":0,"href":"https:\/\/chacosintesis.com.ar\/index.php\/wp-json\/wp\/v2\/posts\/24116\/revisions"}],"wp:featuredmedia":[{"embeddable":true,"href":"https:\/\/chacosintesis.com.ar\/index.php\/wp-json\/wp\/v2\/media\/24117"}],"wp:attachment":[{"href":"https:\/\/chacosintesis.com.ar\/index.php\/wp-json\/wp\/v2\/media?parent=24116"}],"wp:term":[{"taxonomy":"category","embeddable":true,"href":"https:\/\/chacosintesis.com.ar\/index.php\/wp-json\/wp\/v2\/categories?post=24116"},{"taxonomy":"post_tag","embeddable":true,"href":"https:\/\/chacosintesis.com.ar\/index.php\/wp-json\/wp\/v2\/tags?post=24116"}],"curies":[{"name":"wp","href":"https:\/\/api.w.org\/{rel}","templated":true}]}}