{"id":24114,"date":"2023-07-20T13:27:39","date_gmt":"2023-07-20T16:27:39","guid":{"rendered":"https:\/\/chacosintesis.com.ar\/?p=24114"},"modified":"2023-07-20T13:38:14","modified_gmt":"2023-07-20T16:38:14","slug":"la-confesion-de-marcela-acuna-que-hunde-a-su-hijo-para-salvar-a-emerenciano","status":"publish","type":"post","link":"https:\/\/chacosintesis.com.ar\/index.php\/la-confesion-de-marcela-acuna-que-hunde-a-su-hijo-para-salvar-a-emerenciano\/","title":{"rendered":"La &#8220;confesi\u00f3n&#8221; de Marcela Acu\u00f1a que hunde a su hijo para salvar a Emerenciano"},"content":{"rendered":"<p>En una nueva carta dirigida a su marido, la mujer acusada de participar en el crimen de Cecilia dice que ella &#8220;encubri\u00f3&#8221; a C\u00e9sar y lo desliga a su marido. Por qu\u00e9 se trata de una coartada.<\/p>\n<p>El encargado de mudar el colch\u00f3n y el respaldo de una cama que ten\u00edan rastros de sangre de Cecilia Strzyzowski, la joven vista con vida por \u00faltima vez el 2 de junio pasado en Resistencia, desde la casa de Emerenciano Sena y Marcela Acu\u00f1a hacia la de una mujer, reconoci\u00f3 que esos muebles eran del matrimonio acusado del crimen junto a su hijo, informaron fuentes judiciales.<br \/>\nAlfredo Aguirre, un empleado de la familia Sena, declar\u00f3 a la Justicia que \u00e9l traslad\u00f3 varios elementos desde la casa de sus jefes d\u00edas posteriores al crimen de Cecilia y los cuales ten\u00edan la sangre de ella: la sospecha de los fiscales es que &#8220;quisieron sac\u00e1rselos de encima&#8221;.<br \/>\nSeg\u00fan testimoni\u00f3, el 6 de junio se dirigi\u00f3 a la casa de los Sena. \u201cSe me llam\u00f3 para que vaya a retirar unos muebles, en horario de la ma\u00f1ana, ese d\u00eda me pidieron que desarme una cama y alzar en el cami\u00f3n junto con unos muebles, un sill\u00f3n, dos cajoneros y algunas bolsas de residuos\u201d.<br \/>\n\u201cEra un colch\u00f3n blanco, m\u00e1s o menos, una cama de una plaza de madera, sino me equivoco dos cajoneras de pl\u00e1stico de color blancas que no recuerdo si ten\u00edan detalles en negro, pero blancas eran segura que adentro de los cajones ten\u00edan ropa \u00edntima de mujer; un sill\u00f3n individual, de color bordo\u201d, agreg\u00f3.<br \/>\nAdem\u00e1s precis\u00f3 que llev\u00f3 los elementos al barrio Emerenciano Sena que fund\u00f3 el piquetero, hoy detenido como coautor del crimen de Cecilia junto a su esposa y su hijo C\u00e9sar.<br \/>\n En las \u00faltimas horas, diario Norte public\u00f3 una carta donde Marcela Acu\u00f1a le dirige a su esposo Emerenciano Sena, ella detenida en comisar\u00eda 6ta y el en la tercera.<br \/>\n&#8220;Te quiero mucho Emerenciano, te pido que tengas la valent\u00eda de siempre, la que ense\u00f1aste y que hoy me mantiene firme en mis convicciones y en el amor. Sab\u00e9s, me siento muy triste, pienso en C\u00e9sar en todo lo que estar\u00e1 pasando y sufro mucho, pero dejo en manos de Dios y la Virgen que me lo cuiden hasta que pueda salir de aqu\u00ed&#8221;.<br \/>\n&#8220;Si sal\u00eds antes no lo abandones, est\u00e1 muy solo y tengo miedo que atente contra su vida. Solo quiero decirte que todos los d\u00edas t\u00f3malo como una victoria contra la muerte, sonre\u00ed, reza, so\u00f1\u00e1, movete, y alim\u00e9ntate, tu pastilla tomala con la comida, con la cena, no antes ni despu\u00e9s\u201d, le dijo.<br \/>\n&#8220;Ojal\u00e1 pronto llegue tu libertad la mereces, yo no, yo lo cubr\u00ed a C\u00e9sar, lo proteg\u00ed, te ocult\u00e9 para no involucrarte y sali\u00f3 todo mal y mucha gente inocente est\u00e1 presa, empezando por vos. Esa carga tambi\u00e9n me mata por encubrir a mi hijo\u201d, dijo.<\/p>\n<p>Nuevamente, Marcela Acu\u00f1a volvi\u00f3 a dirigir la culpa sobre su hijo C\u00e9sar tambi\u00e9n detenido por el crimen. Pues si los padres son acusados de encubrimiento, por el v\u00ednculo sangu\u00edneo quedar\u00e1n excluidos de la acusaci\u00f3n tal cual reza nuestro c\u00f3digo penal.<br \/>\nEste \u00faltimo punto es clave para los investigadores: si C\u00e9sar queda como \u00fanico autor material, Marcela y Emerenciano no pueden ser acusados de encubrimiento (la ley exculpa de esta figura a los familiares directos de los victimarios), por lo que quedar\u00edan sobrese\u00eddos.<br \/>\nEn s\u00edntesis: los padres le sueltan la mano al hijo para salvarse ellos.<\/p>\n<p>Por eso, cada una de estas cartas son le\u00eddas entre los fiscales bajo esta clave. En la acusaci\u00f3n se sostiene que Marcela y Emerenciano no s\u00f3lo encubrieron el crimen de Cecilia, sino que tuvieron un rol central en la planificaci\u00f3n y en la ejecuci\u00f3n del femicidio.<br \/>\nIncluso, los ubican a los tres adentro de la casa en la ventana en la que se supone que se produjo el asesinato.<\/p>\n<p>CADENA 3.-<\/p>\n","protected":false},"excerpt":{"rendered":"<p>En una nueva carta dirigida a su marido, la mujer acusada de participar en el crimen de Cecilia dice que ella &#8220;encubri\u00f3&#8221; a C\u00e9sar y lo desliga a su marido. Por qu\u00e9 se trata de una coartada. El encargado de mudar el colch\u00f3n y el respaldo de una cama que ten\u00edan rastros de sangre de [&hellip;]<\/p>\n","protected":false},"author":1,"featured_media":24115,"comment_status":"closed","ping_status":"closed","sticky":false,"template":"","format":"standard","meta":{"footnotes":""},"categories":[6],"tags":[197],"class_list":{"0":"post-24114","1":"post","2":"type-post","3":"status-publish","4":"format-standard","5":"has-post-thumbnail","7":"category-chaco","8":"tag-destacada"},"_links":{"self":[{"href":"https:\/\/chacosintesis.com.ar\/index.php\/wp-json\/wp\/v2\/posts\/24114","targetHints":{"allow":["GET"]}}],"collection":[{"href":"https:\/\/chacosintesis.com.ar\/index.php\/wp-json\/wp\/v2\/posts"}],"about":[{"href":"https:\/\/chacosintesis.com.ar\/index.php\/wp-json\/wp\/v2\/types\/post"}],"author":[{"embeddable":true,"href":"https:\/\/chacosintesis.com.ar\/index.php\/wp-json\/wp\/v2\/users\/1"}],"replies":[{"embeddable":true,"href":"https:\/\/chacosintesis.com.ar\/index.php\/wp-json\/wp\/v2\/comments?post=24114"}],"version-history":[{"count":0,"href":"https:\/\/chacosintesis.com.ar\/index.php\/wp-json\/wp\/v2\/posts\/24114\/revisions"}],"wp:featuredmedia":[{"embeddable":true,"href":"https:\/\/chacosintesis.com.ar\/index.php\/wp-json\/wp\/v2\/media\/24115"}],"wp:attachment":[{"href":"https:\/\/chacosintesis.com.ar\/index.php\/wp-json\/wp\/v2\/media?parent=24114"}],"wp:term":[{"taxonomy":"category","embeddable":true,"href":"https:\/\/chacosintesis.com.ar\/index.php\/wp-json\/wp\/v2\/categories?post=24114"},{"taxonomy":"post_tag","embeddable":true,"href":"https:\/\/chacosintesis.com.ar\/index.php\/wp-json\/wp\/v2\/tags?post=24114"}],"curies":[{"name":"wp","href":"https:\/\/api.w.org\/{rel}","templated":true}]}}