{"id":24105,"date":"2023-07-19T20:18:23","date_gmt":"2023-07-19T23:18:23","guid":{"rendered":"https:\/\/chacosintesis.com.ar\/?p=24105"},"modified":"2023-07-19T20:36:41","modified_gmt":"2023-07-19T23:36:41","slug":"confirman-que-los-muebles-donados-con-sangre-pertenecian-a-la-familia-sena","status":"publish","type":"post","link":"https:\/\/chacosintesis.com.ar\/index.php\/confirman-que-los-muebles-donados-con-sangre-pertenecian-a-la-familia-sena\/","title":{"rendered":"Confirman que los muebles \u201cdonados\u201d con sangre pertenec\u00edan a la familia Sena"},"content":{"rendered":"<p>El encargo de realizar la mudanza, confirm\u00f3 esta ma\u00f1ana al Equipo Fiscal Especial (EFE), que el 6 de junio traslad\u00f3 con su cami\u00f3n un colch\u00f3n, el respaldo de una cama y una mesita de luz, desde Santa Mar\u00eda de Oro 1460 hasta la vivienda de una mujer embarazada que vive en el barrio Emerenciano.<br \/>\nEl encargado de mudar el colch\u00f3n y el respaldo de una cama que ten\u00edan rastros de sangre de Cecilia Strzyzowski, la joven vista con vida por \u00faltima vez el 2 de junio pasado en Resistencia, desde la casa de Emerenciano Sena y Marcela Acu\u00f1a hacia la de una mujer, reconoci\u00f3 hoy que esos muebles eran del matrimonio acusado del crimen junto a su hijo, informaron fuentes judiciales.<br \/>\nSe trata del testigo Alfredo Aguirre, quien el 6 de junio traslad\u00f3 con su cami\u00f3n de mudanzas un colch\u00f3n, un respaldo de una cama y una mesita de luz desde la casa de Santa Mar\u00eda de Oro 1460 hasta la vivienda de una mujer embarazada que vive en el barrio Emerenciano. Fuentes judiciales informaron a T\u00e9lam que el hombre confirm\u00f3 esta ma\u00f1ana al Equipo Fiscal Especial (EFE) que el matrimonio era el due\u00f1o de esos muebles, los cuales ten\u00edan rastros de sangre de Cecilia, seg\u00fan determinaron hace casi una semana las pericias del Instituto de Medicina y Ciencias Forenses (IMCiF) de Chaco.<br \/>\nLos fiscales Jorge C\u00e1ceres Olivera, Jorge G\u00f3mez y Nelia Vel\u00e1zquez secuestraron los objetos trasladados por el cami\u00f3n el 22 de junio en dos allanamientos en casas contiguas, dentro del barrio Emerenciano. El EFE comprob\u00f3 esa mudanza con la c\u00e1mara de seguridad ubicada al frente de la casa de los Sena y si bien se concret\u00f3 el 6 de junio, se sospecha que al d\u00eda siguiente de la desaparici\u00f3n de Cecilia ya pensaban en &#8220;donarlos&#8221; dado que Fabiana Gonz\u00e1lez, una de las cuatro personas imputadas por &#8220;encubrimiento agravado&#8221;, declar\u00f3 que Acu\u00f1a le dijo el s\u00e1bado 3 que llame a Aguirre para trasladarlos.<br \/>\nPor otra parte, Gerardo &#8220;Laucha&#8221; Flores, se\u00f1alado por la querella como un octavo sospechoso, declar\u00f3 ayer ante la fiscal\u00eda por segunda vez como testigo. Si bien su abogado Ricardo Osuna, el mismo que defiende a C\u00e9sar Sena, relativiz\u00f3 la importancia de su testimonio al decir que fue &#8220;una p\u00e9rdida de tiempo&#8221;, fuentes vinculadas a la querella aseguraron que &#8220;minti\u00f3&#8221; y que podr\u00eda ser imputado por alg\u00fan delito, ya sea por &#8220;falso testimonio&#8221; o &#8220;encubrimiento&#8221;.<br \/>\nDe todas maneras, el EFE todav\u00eda continuaba analizando esa posibilidad y, por el momento, Flores solo dio otra declaraci\u00f3n testimonial en la que neg\u00f3 tener v\u00ednculos con los Sena, aunque hay sospechas de que pudo haber estado en el campo de Emerenciano los d\u00edas posteriores al crimen, donde se cree que el cuerpo fue quemado.<br \/>\nEl &#8220;Laucha&#8221; fue vinculado en su momento a la causa por Gustavo Melgarejo, acusado de &#8220;encubrimiento agravado&#8221;, al declarar que Flores lleg\u00f3 a la chancher\u00eda el 5 de junio y tras haber visto a C\u00e9sar Sena y Gustavo Obreg\u00f3n con una supuesta &#8220;bolsa&#8221; en una Renault Kangoo, le dijo a \u00e9l: &#8220;Se mand\u00f3 un moco el hijo de los patrones&#8221;.<br \/>\nEn tanto, la semana pasada, el EFE confirm\u00f3 que tambi\u00e9n hallaron posibles manchas de sangre en la caja de la camioneta Toyota Hilux de C\u00e9sar, pareja de Cecilia, y en el Citro\u00ebn C4 de Obreg\u00f3n, otro presunto encubridor que dio detalles que permitieron dar con los restos \u00f3seos humanos de &#8220;una persona adulta&#8221; junto a un dije con forma de cruz que reconoci\u00f3 Gloria Romero, madre de la v\u00edctima.<br \/>\nSeg\u00fan las fuentes, entre ma\u00f1ana y el viernes se har\u00e1n las aperturas de los sobres de los hisopados de esos veh\u00edculos con el objetivo de que comiencen las pericias, mientras que los fiscales continuar\u00e1n tomando declaraciones a testigos cercanos a Cecilia y a Sena hijo.<br \/>\nPor su parte, la psic\u00f3loga que atendi\u00f3 a Cecilia hasta mayo pasado confirm\u00f3 tambi\u00e9n la semana pasada que la joven le cont\u00f3 haber sido v\u00edctima de un episodio de violencia de g\u00e9nero por parte de su esposo, y le asegur\u00f3 que en los conflictos de pareja estaba incluida su suegra.<br \/>\nSobre el caso e imputaciones hasta el momento<br \/>\nCecilia (28) fue vista por \u00faltima vez a las 9.16 del 2 de junio \u00faltimo, cuando una c\u00e1mara de seguridad registr\u00f3 su ingreso en compa\u00f1\u00eda de su marido a la casa de sus suegros, situada en la calle Santa Mar\u00eda de Oro 1460, de Resistencia.<br \/>\nSeg\u00fan la resoluci\u00f3n de los fiscales, Cecilia fue asesinada entre las 12.13 y las 13.01 en una de las habitaciones de la casa aparentemente por estrangulamiento en momentos en que se hallaba junto a C\u00e9sar, Emerenciano y Acu\u00f1a.<br \/>\nDe acuerdo con la acusaci\u00f3n, su cuerpo fue luego trasladado por C\u00e9sar y un colaborador de la familia, Obreg\u00f3n, envuelto en una frazada y a bordo de una camioneta hasta la chancher\u00eda propiedad de los principales imputados, donde fue calcinada.<br \/>\nFinalmente, se cree que sus restos fueron esparcidos en distintos sectores de ese predio, junto a una de las m\u00e1rgenes del R\u00edo Tragadero, donde tiempo atr\u00e1s se encontraron restos de huesos humanos y el viernes pasado otros fragmentos \u00f3seos que debe determinarse a\u00fan de qu\u00e9 son.<br \/>\nAdem\u00e1s de los tres integrantes del denominado clan Sena, por el caso permanecen con prisi\u00f3n preventiva Obreg\u00f3n y su esposa Gonz\u00e1lez (ambos asistentes de los Sena) y Melgarejo y su mujer Griselda Reinoso (caseros de la familia), quienes est\u00e1n acusados de &#8220;encubrimiento agravado&#8221;.<br \/>\nFuente: T\u00e9lam<\/p>\n","protected":false},"excerpt":{"rendered":"<p>El encargo de realizar la mudanza, confirm\u00f3 esta ma\u00f1ana al Equipo Fiscal Especial (EFE), que el 6 de junio traslad\u00f3 con su cami\u00f3n un colch\u00f3n, el respaldo de una cama y una mesita de luz, desde Santa Mar\u00eda de Oro 1460 hasta la vivienda de una mujer embarazada que vive en el barrio Emerenciano. El [&hellip;]<\/p>\n","protected":false},"author":1,"featured_media":24106,"comment_status":"closed","ping_status":"closed","sticky":false,"template":"","format":"standard","meta":{"footnotes":""},"categories":[6],"tags":[],"class_list":{"0":"post-24105","1":"post","2":"type-post","3":"status-publish","4":"format-standard","5":"has-post-thumbnail","7":"category-chaco"},"_links":{"self":[{"href":"https:\/\/chacosintesis.com.ar\/index.php\/wp-json\/wp\/v2\/posts\/24105","targetHints":{"allow":["GET"]}}],"collection":[{"href":"https:\/\/chacosintesis.com.ar\/index.php\/wp-json\/wp\/v2\/posts"}],"about":[{"href":"https:\/\/chacosintesis.com.ar\/index.php\/wp-json\/wp\/v2\/types\/post"}],"author":[{"embeddable":true,"href":"https:\/\/chacosintesis.com.ar\/index.php\/wp-json\/wp\/v2\/users\/1"}],"replies":[{"embeddable":true,"href":"https:\/\/chacosintesis.com.ar\/index.php\/wp-json\/wp\/v2\/comments?post=24105"}],"version-history":[{"count":0,"href":"https:\/\/chacosintesis.com.ar\/index.php\/wp-json\/wp\/v2\/posts\/24105\/revisions"}],"wp:featuredmedia":[{"embeddable":true,"href":"https:\/\/chacosintesis.com.ar\/index.php\/wp-json\/wp\/v2\/media\/24106"}],"wp:attachment":[{"href":"https:\/\/chacosintesis.com.ar\/index.php\/wp-json\/wp\/v2\/media?parent=24105"}],"wp:term":[{"taxonomy":"category","embeddable":true,"href":"https:\/\/chacosintesis.com.ar\/index.php\/wp-json\/wp\/v2\/categories?post=24105"},{"taxonomy":"post_tag","embeddable":true,"href":"https:\/\/chacosintesis.com.ar\/index.php\/wp-json\/wp\/v2\/tags?post=24105"}],"curies":[{"name":"wp","href":"https:\/\/api.w.org\/{rel}","templated":true}]}}