{"id":24095,"date":"2023-07-19T20:00:38","date_gmt":"2023-07-19T23:00:38","guid":{"rendered":"https:\/\/chacosintesis.com.ar\/?p=24095"},"modified":"2023-07-19T20:07:08","modified_gmt":"2023-07-19T23:07:08","slug":"la-verde-obras-para-el-club-villa-elena-que-ahora-cuenta-con-pileta-semiolimpica","status":"publish","type":"post","link":"https:\/\/chacosintesis.com.ar\/index.php\/la-verde-obras-para-el-club-villa-elena-que-ahora-cuenta-con-pileta-semiolimpica\/","title":{"rendered":"La Verde: obras para el club Villa Elena, que ahora cuenta con pileta semiol\u00edmpica"},"content":{"rendered":"<p>Los trabajos incluyeron la refacci\u00f3n de la cantina, del museo, del escenario y de los ba\u00f1os internos, as\u00ed como la ejecuci\u00f3n de un cierre perimetral de 150 metros. &#8220;Esto es parte de una pol\u00edtica de inclusi\u00f3n social para la que invertimos 12 mil millones de pesos en 500 instituciones deportivas en los \u00faltimos cuatro a\u00f1os&#8221;, destac\u00f3 el gobernador.<br \/>\nEl gobernador Jorge Capitanich y el intendente Ram\u00f3n Pe\u00f1a inauguraron esta ma\u00f1ana las refacciones del Club Atl\u00e9tico Villa Elena de La Verde, que implic\u00f3 principalmente la construcci\u00f3n de una pileta semiol\u00edmpica con sus ba\u00f1os y vestuarios. \u201cNos planteamos como objetivo que ninguna localidad se quede sin pileta de nataci\u00f3n a lo largo y a lo ancho de la provincia y lo estamos cumpliendo\u201d, destac\u00f3 Capitanich en relaci\u00f3n a la obra, que demand\u00f3 una inversi\u00f3n de $54.693.746.<br \/>\nLos trabajos incluyeron la refacci\u00f3n de la cantina, del museo, del escenario y de los ba\u00f1os internos, as\u00ed como la ejecuci\u00f3n de un cierre perimetral de 150 metros. Adem\u00e1s se entregaron elementos deportivos para b\u00e1squet, f\u00fatbol, handball y hockey. &#8220;Estas inversiones son parte de un proceso de inclusi\u00f3n social y en ese contexto invertimos 12 mil millones de pesos en 500 instituciones deportivas en los \u00faltimos 4 a\u00f1os\u201d, destac\u00f3, y agreg\u00f3: \u201clas mismas forman parte de la inversi\u00f3n en infraestructura para garantizar la inclusi\u00f3n social deportiva y a su vez un programa de asignaci\u00f3n universal deportiva para fortalecer las capacidades institucionales de cada club\u201d.<br \/>\nEn la oportunidad el gobernador tom\u00f3 el compromiso de refaccionar el polideportivo, en lo que refiere al piso y al techo. \u201cYo estoy ac\u00e1 para agradecer a los directivos de las instituciones deportivas que hacen una gran tarea. Siempre digo que el deporte ayuda a construir valores y aleja a la gente de las adicciones, por lo tanto construye dedicaci\u00f3n, esfuerzo y la cultura del compromiso con valores que perduran a trav\u00e9s del tiempo\u201d, sostuvo el mandatario. Acompa\u00f1aron al gobernador el presidente del Instituto del Deporte, Osvaldo P\u00e9rez Cuevas; el presidente del Club, Mat\u00edas Ces, y la vicepresidenta de la instituci\u00f3n, Mar\u00eda Ruiz D\u00edaz.<br \/>\n\u201cEste es un club emblema de la localidad que permite a m\u00e1s de 300 ni\u00f1os juntarse a practicar deporte\u201d, indic\u00f3 el intendente Ram\u00f3n Pe\u00f1a, y agreg\u00f3: \u201cesto es importante porque nos permite a los grandes y a las familias Verde\u00f1as mantener a nuestros chicos ocupados en el deporte con inclusi\u00f3n, salud y mantenerlos alejados de lo que son los consumos problem\u00e1ticos\u201d.<br \/>\nEn ese sentido, el jefe comunal record\u00f3 que a m\u00e1s de 75 a\u00f1os de vida del club, &#8220;darle esta infraestructura era muy necesario&#8221;. \u201cLe estamos dando a nuestro club hist\u00f3rico todo lo que es la infraestructura adecuada para practicar deporte de manera competitiva\u201d, asegur\u00f3.<br \/>\nPor su parte, el presidente Mat\u00edas Ces remarc\u00f3 que la inauguraci\u00f3n de este mi\u00e9rcoles &#8220;es un antes y un despu\u00e9s para todas las personas que a pulm\u00f3n lo fueron llevando adelante y lo vieron crecer&#8221;. \u201cEs un club muy importante para la localidad, con muchos adultos involucrados y muchos chicos, pero que adem\u00e1s es la casa de muchos eventos como fiestas, eventos culturales y casamientos, por lo que sin dudas hablamos de la casa del pueblo\u201d, destac\u00f3.<br \/>\nEl club es un lugar de contenci\u00f3n y ahora lo vamos a poder hacer con mayor calidad. Queremos ofrecerle al pueblo de La Verde, a cada hincha y a cada socio mayor calidad\u201d, insisti\u00f3 el presidente y resalt\u00f3 el hecho de que con la nataci\u00f3n tendr\u00e1n apertura para incluir a otras poblaciones como son personas con discapacidad o adultos mayores.<\/p>\n","protected":false},"excerpt":{"rendered":"<p>Los trabajos incluyeron la refacci\u00f3n de la cantina, del museo, del escenario y de los ba\u00f1os internos, as\u00ed como la ejecuci\u00f3n de un cierre perimetral de 150 metros. &#8220;Esto es parte de una pol\u00edtica de inclusi\u00f3n social para la que invertimos 12 mil millones de pesos en 500 instituciones deportivas en los \u00faltimos cuatro a\u00f1os&#8221;, [&hellip;]<\/p>\n","protected":false},"author":1,"featured_media":24096,"comment_status":"closed","ping_status":"closed","sticky":false,"template":"","format":"standard","meta":{"footnotes":""},"categories":[6],"tags":[],"class_list":{"0":"post-24095","1":"post","2":"type-post","3":"status-publish","4":"format-standard","5":"has-post-thumbnail","7":"category-chaco"},"_links":{"self":[{"href":"https:\/\/chacosintesis.com.ar\/index.php\/wp-json\/wp\/v2\/posts\/24095","targetHints":{"allow":["GET"]}}],"collection":[{"href":"https:\/\/chacosintesis.com.ar\/index.php\/wp-json\/wp\/v2\/posts"}],"about":[{"href":"https:\/\/chacosintesis.com.ar\/index.php\/wp-json\/wp\/v2\/types\/post"}],"author":[{"embeddable":true,"href":"https:\/\/chacosintesis.com.ar\/index.php\/wp-json\/wp\/v2\/users\/1"}],"replies":[{"embeddable":true,"href":"https:\/\/chacosintesis.com.ar\/index.php\/wp-json\/wp\/v2\/comments?post=24095"}],"version-history":[{"count":0,"href":"https:\/\/chacosintesis.com.ar\/index.php\/wp-json\/wp\/v2\/posts\/24095\/revisions"}],"wp:featuredmedia":[{"embeddable":true,"href":"https:\/\/chacosintesis.com.ar\/index.php\/wp-json\/wp\/v2\/media\/24096"}],"wp:attachment":[{"href":"https:\/\/chacosintesis.com.ar\/index.php\/wp-json\/wp\/v2\/media?parent=24095"}],"wp:term":[{"taxonomy":"category","embeddable":true,"href":"https:\/\/chacosintesis.com.ar\/index.php\/wp-json\/wp\/v2\/categories?post=24095"},{"taxonomy":"post_tag","embeddable":true,"href":"https:\/\/chacosintesis.com.ar\/index.php\/wp-json\/wp\/v2\/tags?post=24095"}],"curies":[{"name":"wp","href":"https:\/\/api.w.org\/{rel}","templated":true}]}}