{"id":24081,"date":"2023-07-19T16:37:21","date_gmt":"2023-07-19T19:37:21","guid":{"rendered":"https:\/\/chacosintesis.com.ar\/?p=24081"},"modified":"2023-07-19T17:06:51","modified_gmt":"2023-07-19T20:06:51","slug":"capitanich-este-homenaje-promueve-la-memoria-como-reivindicacion-historica-a-nuestro-pueblo-y-a-nuestras-comunidades-originarias","status":"publish","type":"post","link":"https:\/\/chacosintesis.com.ar\/index.php\/capitanich-este-homenaje-promueve-la-memoria-como-reivindicacion-historica-a-nuestro-pueblo-y-a-nuestras-comunidades-originarias\/","title":{"rendered":"Capitanich: \u201cEste homenaje promueve la memoria como reivindicaci\u00f3n hist\u00f3rica a nuestro pueblo y a nuestras comunidades originarias\u201d"},"content":{"rendered":"<p>Se propuso la constituci\u00f3n de una comisi\u00f3n de conmemoraci\u00f3n para el centenario de la Masacre de Napalp\u00ed, que se recordar\u00e1 el a\u00f1o que viene. \u201cLa reivindicaci\u00f3n que hoy hacemos tiene que convertirse en la bandera hist\u00f3rica de nuestras comunidades para garantizar el anhelo de una vida mejor.<br \/>\nEl gobernador Jorge Capitanich particip\u00f3 este mi\u00e9rcoles del acto central por el 99 aniversario de la Masacre de Napalp\u00ed en Colonia Aborigen..\u201dParticipamos en este sentido y profundo homenaje promoviendo la memoria como una reivindicaci\u00f3n hist\u00f3rica a nuestro pueblo y a nuestras comunidades originarias\u201d, dijo el gobernador.<br \/>\nEn este contexto, remarc\u00f3: \u201cNosotros quienes amamos la justicia, la verdad y la memoria tenemos que ser los garantes constitutivos de este proceso, para que cada 19 de julio, a lo largo y a lo ancho de la provincia, del pa\u00eds y del mundo. Esta reivindicaci\u00f3n que hoy hacemos esperamos se convierta en la bandera hist\u00f3rica de nuestras comunidades para garantizar el anhelo de una vida mejor.<br \/>\nDurante su discurso, el gobernador destac\u00f3 la importancia de las pol\u00edticas p\u00fablicas basadas en la interculturalidad y el di\u00e1logo entre culturas, en lugar de la imposici\u00f3n. En este punto tambi\u00e9n hizo referencia a la necesidad de cuidar el ambiente, siguiendo los principios expuestos en la enc\u00edclica Laudato Si del Papa Francisco. \u201cEsto es considerado como un valor fundamental para las comunidades originarias\u201d, apunt\u00f3.<br \/>\nCapitanich explic\u00f3 que la propiedad comunitaria tiene una filosof\u00eda e identidad diferentes a la propiedad privada o colectiva.Al respecto consider\u00f3 que el Estado debe fortalecer su aprendizaje y valorizar esta forma de propiedad.<br \/>\n\u201cRescatamos la importancia de desarrollar mecanismos y plataformas de expresi\u00f3n a trav\u00e9s de la participaci\u00f3n comunitaria, para promover la defensa del ambiente y fortalecer la interculturalidad\u201d, se\u00f1al\u00f3.<br \/>\nComisi\u00f3n para la conmemoraci\u00f3n del Centenario de la Masacre de Napalp\u00ed<br \/>\nEn relaci\u00f3n al aniversario de la Masacre de Napalp\u00ed, propuso la constituci\u00f3n de una comisi\u00f3n de conmemoraci\u00f3n para el centenario del tr\u00e1gico suceso hist\u00f3rico, que se recordar\u00e1 el a\u00f1o que viene. Esta comisi\u00f3n tendr\u00eda como objetivo establecer una agenda de reivindicaci\u00f3n.<br \/>\nTambi\u00e9n mencion\u00f3 la iniciativa en la que se trabaja sobre la calle Melitona Enrique, mediante la pavimentaci\u00f3n y la creaci\u00f3n de murales y medidas reivindicativas para preservar la memoria.<br \/>\nEn este contexto, Capitanich solicitar\u00e1 el apoyo financiero a organismos nacionales e internacionales para garantizar el acceso pavimentado al memorial y su inclusi\u00f3n en las visitas dentro del marco del juicio popular. Tambi\u00e9n propuso la creaci\u00f3n de un centro de interpretaci\u00f3n interactivo en esta comunidad.<br \/>\nAsimismo reafirm\u00f3 la intenci\u00f3n de requerir la colaboraci\u00f3n de organismos multilaterales e internacionales para promover la divulgaci\u00f3n a nivel nacional e internacional del memorial y su centro de interpretaci\u00f3n.<br \/>\nAcompa\u00f1aron al gobernador, la vicegobernadora Anal\u00eda Rach Quiroga; el Ministro de Planificacio\u0301n, Economi\u0301a e Infraestructura, Santiago P\u00e9rez Pons; la Secretaria de Derechos Humanos y Ge\u0301neros, Silvana Per\u00e9z; el Presidente del Instituto de Cultura, Francisco Romero; el Intendente del Municipio de Machagai, Manuel Garc\u00eda; Comisio\u0301n del Memorial de Napalpi\u0301, la Comisio\u0301n del Pueblo Moqoit, la Asociacio\u0301n Civil La Matanza, de Colonia Aborigen, ex Combatientes Indi\u0301genas de Malvinas, el Grupo de docentes Renacer Napalpi\u0301 y la Fundacio\u0301n Napalp\u00ed.<br \/>\nVerdad hist\u00f3rica y seguimiento de las resoluciones del fallo judicial<\/p>\n<p>En relaci\u00f3n al marco del juicio por la verdad hist\u00f3rica de la Masacre de Napalp\u00ed , Capitanich se\u00f1al\u00f3 que en la provincia, se han tomado varias decisiones significativas que ya han sido implementadas. En primer lugar, se ha establecido la creaci\u00f3n de una unidad ejecutora encargada de dar seguimiento al fallo judicial. Esta medida tiene como prop\u00f3sito asegurar el cumplimiento de las resoluciones adoptadas por el Poder Judicial.<br \/>\nOtra cuesti\u00f3n relevante tiene que ver con la divulgaci\u00f3n del fallo a trav\u00e9s de un programa especial en la televisi\u00f3n p\u00fablica. A partir de esta iniciativa  se buscar\u00e1 potenciar esta difusi\u00f3n mediante el Consejo Federal de Medios P\u00fablicos, para que no solo se transmita en la televisi\u00f3n p\u00fablica, sino tambi\u00e9n en toda la red de medios de comunicaci\u00f3n p\u00fablica y se pueda propagar a nivel internacional.<br \/>\nCapitanich tambi\u00e9n record\u00f3 que  se planea la publicaci\u00f3n de la sentencia oficial en material audiovisual, la cual requerir\u00e1 traducciones a diferentes idiomas para satisfacer las necesidades de los pueblos y comunidades originarias.<\/p>\n<p>Autonom\u00eda de Colonia Aborigen<br \/>\n\u201cUn aspecto de gran trascendencia es lograr que estas acciones no se limiten \u00fanicamente al Bolet\u00edn Oficial y la televisi\u00f3n p\u00fablica, sino que tambi\u00e9n promuevan el proceso de autonom\u00eda de Colonia Aborigen\u201d, dijo.<br \/>\nEl 17 de septiembre, por primera vez en su historia, Colonia Aborigen gozar\u00e1 de autonom\u00eda municipal, resultado de la voluntad popular expresada en la elecci\u00f3n. \u201cEste hito representa un hecho hist\u00f3rico sin precedentes\u201d, enfatiz\u00f3.<br \/>\nAdem\u00e1s, se ha determinado que la primera sede de la direcci\u00f3n del aborigen ser\u00e1 el Museo Hist\u00f3rico de Colonia Aborigen. A trav\u00e9s de un proceso de audiencia p\u00fablica se llevar\u00e1 a cabo un cambio de denominaci\u00f3n, permitiendo a la comunidad elegir un nombre que refleje la identidad y cultura de las comunidades originarias<\/p>\n","protected":false},"excerpt":{"rendered":"<p>Se propuso la constituci\u00f3n de una comisi\u00f3n de conmemoraci\u00f3n para el centenario de la Masacre de Napalp\u00ed, que se recordar\u00e1 el a\u00f1o que viene. \u201cLa reivindicaci\u00f3n que hoy hacemos tiene que convertirse en la bandera hist\u00f3rica de nuestras comunidades para garantizar el anhelo de una vida mejor. El gobernador Jorge Capitanich particip\u00f3 este mi\u00e9rcoles del [&hellip;]<\/p>\n","protected":false},"author":1,"featured_media":24082,"comment_status":"closed","ping_status":"closed","sticky":false,"template":"","format":"standard","meta":{"footnotes":""},"categories":[6],"tags":[],"class_list":{"0":"post-24081","1":"post","2":"type-post","3":"status-publish","4":"format-standard","5":"has-post-thumbnail","7":"category-chaco"},"_links":{"self":[{"href":"https:\/\/chacosintesis.com.ar\/index.php\/wp-json\/wp\/v2\/posts\/24081","targetHints":{"allow":["GET"]}}],"collection":[{"href":"https:\/\/chacosintesis.com.ar\/index.php\/wp-json\/wp\/v2\/posts"}],"about":[{"href":"https:\/\/chacosintesis.com.ar\/index.php\/wp-json\/wp\/v2\/types\/post"}],"author":[{"embeddable":true,"href":"https:\/\/chacosintesis.com.ar\/index.php\/wp-json\/wp\/v2\/users\/1"}],"replies":[{"embeddable":true,"href":"https:\/\/chacosintesis.com.ar\/index.php\/wp-json\/wp\/v2\/comments?post=24081"}],"version-history":[{"count":0,"href":"https:\/\/chacosintesis.com.ar\/index.php\/wp-json\/wp\/v2\/posts\/24081\/revisions"}],"wp:featuredmedia":[{"embeddable":true,"href":"https:\/\/chacosintesis.com.ar\/index.php\/wp-json\/wp\/v2\/media\/24082"}],"wp:attachment":[{"href":"https:\/\/chacosintesis.com.ar\/index.php\/wp-json\/wp\/v2\/media?parent=24081"}],"wp:term":[{"taxonomy":"category","embeddable":true,"href":"https:\/\/chacosintesis.com.ar\/index.php\/wp-json\/wp\/v2\/categories?post=24081"},{"taxonomy":"post_tag","embeddable":true,"href":"https:\/\/chacosintesis.com.ar\/index.php\/wp-json\/wp\/v2\/tags?post=24081"}],"curies":[{"name":"wp","href":"https:\/\/api.w.org\/{rel}","templated":true}]}}