{"id":24079,"date":"2023-07-19T16:34:04","date_gmt":"2023-07-19T19:34:04","guid":{"rendered":"https:\/\/chacosintesis.com.ar\/?p=24079"},"modified":"2023-07-19T16:37:09","modified_gmt":"2023-07-19T19:37:09","slug":"el-gobierno-rescindio-convenios-con-fundacion-recuperando-valores-no-vamos-a-permitir-ningun-tipo-de-extorsion-advirtio-chapo","status":"publish","type":"post","link":"https:\/\/chacosintesis.com.ar\/index.php\/el-gobierno-rescindio-convenios-con-fundacion-recuperando-valores-no-vamos-a-permitir-ningun-tipo-de-extorsion-advirtio-chapo\/","title":{"rendered":"El gobierno rescindi\u00f3 convenios con Fundaci\u00f3n Recuperando Valores: \u201cNo vamos a permitir ning\u00fan tipo de extorsi\u00f3n\u201d, advirti\u00f3 Chapo"},"content":{"rendered":"<p>El vocero confirm\u00f3 que el Poder Ejecutivo desvincul\u00f3 a esa entidad de los contratos con el Iafep. Tambi\u00e9n hizo referencia al caso del avi\u00f3n peque\u00f1o que se precipit\u00f3 a tierra en cercan\u00edas a Avia Terai; y dio precisiones sobre la agenda oficial de este jueves 20. El vocero oficial Juan Manuel Chapo ofreci\u00f3 este mi\u00e9rcoles su habitual conferencia de prensa en la que dio detalles de las actividades previstas para hoy y ma\u00f1ana jueves, al tiempo que inform\u00f3 acerca de dos cuestiones puntuales: el avi\u00f3n peque\u00f1o ca\u00eddo en inmediaciones a Avia Terai y el los incidentes provocados por una dirigente social el viernes pasado.<br \/>\nEl portavoz confirm\u00f3 que el gobierno tom\u00f3 la decisi\u00f3n de rescindir los dos contratos que el Estado ten\u00eda con la Fundaci\u00f3n Recuperando Valores, cuya titular es la mujer que el \u00faltimo viernes provoc\u00f3 desmanes en uno de los accesos a Casa de Gobierno. \u201cNo vamos a permitir ning\u00fan tipo de extorsi\u00f3n o cualquier mecanismo que sea utilizado en estos graves t\u00e9rminos\u201d, advirti\u00f3 Chapo.<br \/>\nDe esta manera, el vocero asegur\u00f3 que el Poder Ejecutivo determin\u00f3 la desvinculaci\u00f3n total y absoluta de la relaci\u00f3n de esa organizaci\u00f3n con el gobierno provincial. Y detall\u00f3 que Recuperando Valores pose\u00eda dos acuerdos, en ambos casos con el Instituto de Agricultura Familiar y Econom\u00eda Popular (Iafep): uno para la ejecuci\u00f3n de tareas de limpieza y otro para la construcci\u00f3n de viviendas sociales. \u201cAmbos convenios ser\u00e1n rescindidos por orden directa del gobernador Jorge Capitanich; el de limpieza ya fue dado de baja en tanto que el restante est\u00e1 en v\u00edas de ser anulado completamente\u201d, precis\u00f3.<br \/>\n\u201cLo que sucedi\u00f3 el viernes aqu\u00ed en Casa de Gobierno configura un hecho grave y no podemos permitir sucesos de esta naturaleza bajo ning\u00fan punto de vista\u201d, enfatiz\u00f3 el portavoz. Respecto de la situaci\u00f3n legal de la dirigente social que protagoniz\u00f3 los incidentes, Chapo dijo que la causa se encuentra \u201cplenamente vigente\u201d y que si bien la mujer fue liberada por orden de la Fiscal\u00eda que interviene en el expediente, \u201cella contin\u00faa sujeta a una situaci\u00f3n judicial&#8221;.<br \/>\nAvia Terai<br \/>\nEn otro orden de cosas, el vocero habl\u00f3 acerca del caso del avi\u00f3n peque\u00f1o (un Cessna 210 Turbo Centurion II) hallado ayer en la zona rural de Avia Terai y en cuyo interior fuerzas de seguridad encontraron estupefacientes. \u201cLa causa est\u00e1 sujeta a una investigaci\u00f3n de la Justicia Federal; sabemos que hay testigos que ya brindaron informaci\u00f3n y aguardamos por avances en los procedimientos\u201d, asegur\u00f3.<br \/>\nAgenda del gobernador<br \/>\nPor \u00faltimo, Chapo detall\u00f3 las actividades que desarrollar\u00e1 el gobernador Capitanich este jueves 20 y que se centralizan en dos ciudades: Presidencia Roque S\u00e1enz Pe\u00f1a y Villa \u00c1ngela. \u201cEs una agenda muy cargada la que sostendr\u00e1 el mandatario y que incluye reuniones con diversos sectores productivos locales, anuncios, visita a obras en ejecuci\u00f3n y la entrega de veh\u00edculos\u201d, puntualiz\u00f3.<br \/>\nEn S\u00e1enz Pe\u00f1a, el  jefe del Ejecutivo ser\u00e1 recibido por comerciantes, empresarios y docentes al tiempo que supervisar\u00e1 el avance en la construcci\u00f3n del Centro de Educaci\u00f3n F\u00edsica 2 para luego entregar dos ambulancias y anunciar un plan de enripiado para el acceso al aeroclub de la ciudad.<br \/>\nYa en Villa \u00c1ngela, el gobernador mantendr\u00e1 un encuentro con empresarios, comerciantes locales y trabajadores de la Salud para, finalmente, realizar el anuncio de los planes de seguridad, salud y pavimentaci\u00f3n barrial para esa ciudad del sudoeste.<\/p>\n","protected":false},"excerpt":{"rendered":"<p>El vocero confirm\u00f3 que el Poder Ejecutivo desvincul\u00f3 a esa entidad de los contratos con el Iafep. Tambi\u00e9n hizo referencia al caso del avi\u00f3n peque\u00f1o que se precipit\u00f3 a tierra en cercan\u00edas a Avia Terai; y dio precisiones sobre la agenda oficial de este jueves 20. El vocero oficial Juan Manuel Chapo ofreci\u00f3 este mi\u00e9rcoles [&hellip;]<\/p>\n","protected":false},"author":1,"featured_media":24080,"comment_status":"closed","ping_status":"closed","sticky":false,"template":"","format":"standard","meta":{"footnotes":""},"categories":[6],"tags":[],"class_list":{"0":"post-24079","1":"post","2":"type-post","3":"status-publish","4":"format-standard","5":"has-post-thumbnail","7":"category-chaco"},"_links":{"self":[{"href":"https:\/\/chacosintesis.com.ar\/index.php\/wp-json\/wp\/v2\/posts\/24079","targetHints":{"allow":["GET"]}}],"collection":[{"href":"https:\/\/chacosintesis.com.ar\/index.php\/wp-json\/wp\/v2\/posts"}],"about":[{"href":"https:\/\/chacosintesis.com.ar\/index.php\/wp-json\/wp\/v2\/types\/post"}],"author":[{"embeddable":true,"href":"https:\/\/chacosintesis.com.ar\/index.php\/wp-json\/wp\/v2\/users\/1"}],"replies":[{"embeddable":true,"href":"https:\/\/chacosintesis.com.ar\/index.php\/wp-json\/wp\/v2\/comments?post=24079"}],"version-history":[{"count":0,"href":"https:\/\/chacosintesis.com.ar\/index.php\/wp-json\/wp\/v2\/posts\/24079\/revisions"}],"wp:featuredmedia":[{"embeddable":true,"href":"https:\/\/chacosintesis.com.ar\/index.php\/wp-json\/wp\/v2\/media\/24080"}],"wp:attachment":[{"href":"https:\/\/chacosintesis.com.ar\/index.php\/wp-json\/wp\/v2\/media?parent=24079"}],"wp:term":[{"taxonomy":"category","embeddable":true,"href":"https:\/\/chacosintesis.com.ar\/index.php\/wp-json\/wp\/v2\/categories?post=24079"},{"taxonomy":"post_tag","embeddable":true,"href":"https:\/\/chacosintesis.com.ar\/index.php\/wp-json\/wp\/v2\/tags?post=24079"}],"curies":[{"name":"wp","href":"https:\/\/api.w.org\/{rel}","templated":true}]}}