{"id":24077,"date":"2023-07-19T16:32:37","date_gmt":"2023-07-19T19:32:37","guid":{"rendered":"https:\/\/chacosintesis.com.ar\/?p=24077"},"modified":"2023-07-19T16:37:08","modified_gmt":"2023-07-19T19:37:08","slug":"caso-cecilia-strzyzowsky-a-pesar-de-la-feria-judicial-se-avanza-con-la-toma-de-testimoniales-y-el-analisis-de-informacion-recabada-en-la-investigacion","status":"publish","type":"post","link":"https:\/\/chacosintesis.com.ar\/index.php\/caso-cecilia-strzyzowsky-a-pesar-de-la-feria-judicial-se-avanza-con-la-toma-de-testimoniales-y-el-analisis-de-informacion-recabada-en-la-investigacion\/","title":{"rendered":"Caso Cecilia Strzyzowsky: A pesar de la feria judicial se avanza con la toma de testimoniales y el an\u00e1lisis de informaci\u00f3n recabada en la investigaci\u00f3n"},"content":{"rendered":"<p>El fiscal C\u00e1ceres Olivera se\u00f1al\u00f3 que se est\u00e1 realizando la toma de declaraciones testimoniales para reconstruir el c\u00edrculo \u00edntimo de Cecilia. \u201cLa principal hip\u00f3tesis sigue siendo el m\u00f3vil econ\u00f3mico, pero tambi\u00e9n se investiga la posibilidad de un embarazo. Se espera la declaraci\u00f3n del m\u00e9dico para confirmar esta informaci\u00f3n\u201d, se\u00f1al\u00f3 el fiscal.<br \/>\nEl fiscal Jorge C\u00e1ceres Olivera, integrante del Equipo Fiscal Especial (EFE) inform\u00f3 sobre los \u00faltimos avances en la investigaci\u00f3n del caso de Cecilia Strzyzowsky.  Olivera asegur\u00f3 que a pesar de la feria judicial se avanza con la toma de declaraciones testimoniales y recabando informaci\u00f3n.<br \/>\nEn declaraciones a Chaco TV, C\u00e1ceres Olivera adelant\u00f3 que se est\u00e1 realizando la toma de declaraciones testimoniales para reconstruir el c\u00edrculo \u00edntimo de Cecilia. \u201cLa principal hip\u00f3tesis sigue siendo el m\u00f3vil econ\u00f3mico, pero tambi\u00e9n se investiga la posibilidad de un embarazo. Se espera la declaraci\u00f3n del m\u00e9dico para confirmar esta informaci\u00f3n\u201d, se\u00f1al\u00f3 Olivera.-<br \/>\nEl fiscal del Equipo Fiscal Especial inform\u00f3 sobre el progreso de la investigaci\u00f3n a medios de prensa, se\u00f1alando que se cierra la primera etapa antes de la feria judicial y se continuar\u00e1n realizando testimoniales y recabando informaci\u00f3n.<br \/>\nEn este punto agreg\u00f3 que  durante la feria judicial, se est\u00e1n finalizando los tr\u00e1mites y fijando fechas para pericias relacionadas con los \u00faltimos secuestros.<br \/>\nSe est\u00e1 trabajando en reconstruir el c\u00edrculo \u00edntimo de Cecilia, incluyendo a los profesionales de salud y personas cercanas a la familia Sena para comprender mejor el contexto de su muerte.<br \/>\n\u201cEstamos tratando de reconstruir todo lo que es el c\u00edrculo \u00edntimo de Cecilia, lo que son los profesionales de salud que la atend\u00edan a ella y la gente que estuvieron con la familia Sena en los momentos previos de la muerte de Cecilia, del d\u00eda viernes, y jueves. Esto nos sirve para entender un poquito m\u00e1s el contexto en que sucedi\u00f3 esta circunstancia. Obviamente todos nos van proporcionando informaci\u00f3n, son detalles que sirven para avanzar en la causa. As\u00ed que son todas las testimoniales, yo considero que tienen su relevancia\u201d, dijo Caceres Olivera.<br \/>\nEl fiscal tambi\u00e9n mencion\u00f3 que se recaba informaci\u00f3n m\u00e9dica sobre la v\u00edctima. Olivera hace menci\u00f3n a que el ginec\u00f3logo de Cecilia realiz\u00f3 estudios y existe un informe m\u00e9dico con los resultados. Tambi\u00e9n se espera la declaraci\u00f3n de otro profesional de la salud que atendi\u00f3 a Cecilia posteriormente.<br \/>\nOlivera se\u00f1al\u00f3 que la principal hip\u00f3tesis investigativa tiene que ver con un m\u00f3vil econ\u00f3mico, pero tambi\u00e9n se mencion\u00f3 una posible complicaci\u00f3n al enterarse de que Cecilia podr\u00eda estar embarazada, aunque esta circunstancia todav\u00eda no est\u00e1 corroborada.<br \/>\n\u201cSe espera la declaraci\u00f3n del m\u00e9dico que atendi\u00f3 a Cecilia para determinar si estaba embarazada o no, ya que la intenci\u00f3n de la pareja era formar una familia\u201d, dijo Olivera.<\/p>\n","protected":false},"excerpt":{"rendered":"<p>El fiscal C\u00e1ceres Olivera se\u00f1al\u00f3 que se est\u00e1 realizando la toma de declaraciones testimoniales para reconstruir el c\u00edrculo \u00edntimo de Cecilia. \u201cLa principal hip\u00f3tesis sigue siendo el m\u00f3vil econ\u00f3mico, pero tambi\u00e9n se investiga la posibilidad de un embarazo. Se espera la declaraci\u00f3n del m\u00e9dico para confirmar esta informaci\u00f3n\u201d, se\u00f1al\u00f3 el fiscal. El fiscal Jorge C\u00e1ceres [&hellip;]<\/p>\n","protected":false},"author":1,"featured_media":24078,"comment_status":"closed","ping_status":"closed","sticky":false,"template":"","format":"standard","meta":{"footnotes":""},"categories":[6],"tags":[],"class_list":{"0":"post-24077","1":"post","2":"type-post","3":"status-publish","4":"format-standard","5":"has-post-thumbnail","7":"category-chaco"},"_links":{"self":[{"href":"https:\/\/chacosintesis.com.ar\/index.php\/wp-json\/wp\/v2\/posts\/24077","targetHints":{"allow":["GET"]}}],"collection":[{"href":"https:\/\/chacosintesis.com.ar\/index.php\/wp-json\/wp\/v2\/posts"}],"about":[{"href":"https:\/\/chacosintesis.com.ar\/index.php\/wp-json\/wp\/v2\/types\/post"}],"author":[{"embeddable":true,"href":"https:\/\/chacosintesis.com.ar\/index.php\/wp-json\/wp\/v2\/users\/1"}],"replies":[{"embeddable":true,"href":"https:\/\/chacosintesis.com.ar\/index.php\/wp-json\/wp\/v2\/comments?post=24077"}],"version-history":[{"count":0,"href":"https:\/\/chacosintesis.com.ar\/index.php\/wp-json\/wp\/v2\/posts\/24077\/revisions"}],"wp:featuredmedia":[{"embeddable":true,"href":"https:\/\/chacosintesis.com.ar\/index.php\/wp-json\/wp\/v2\/media\/24078"}],"wp:attachment":[{"href":"https:\/\/chacosintesis.com.ar\/index.php\/wp-json\/wp\/v2\/media?parent=24077"}],"wp:term":[{"taxonomy":"category","embeddable":true,"href":"https:\/\/chacosintesis.com.ar\/index.php\/wp-json\/wp\/v2\/categories?post=24077"},{"taxonomy":"post_tag","embeddable":true,"href":"https:\/\/chacosintesis.com.ar\/index.php\/wp-json\/wp\/v2\/tags?post=24077"}],"curies":[{"name":"wp","href":"https:\/\/api.w.org\/{rel}","templated":true}]}}