{"id":24075,"date":"2023-07-19T16:29:49","date_gmt":"2023-07-19T19:29:49","guid":{"rendered":"https:\/\/chacosintesis.com.ar\/?p=24075"},"modified":"2023-07-19T16:37:08","modified_gmt":"2023-07-19T19:37:08","slug":"se-realizara-el-seminario-internacional-del-algodon-en-saenz-pena","status":"publish","type":"post","link":"https:\/\/chacosintesis.com.ar\/index.php\/se-realizara-el-seminario-internacional-del-algodon-en-saenz-pena\/","title":{"rendered":"Se realizar\u00e1 el Seminario Internacional del Algod\u00f3n en S\u00e1enz Pe\u00f1a"},"content":{"rendered":"<p>El evento se desarrollar\u00e1 en el marco de los 100 a\u00f1os del INTA y previo a la Fiesta Nacional del Algod\u00f3n. El objetivo es dar a conocer y capacitar respecto a los grandes cambios tecnol\u00f3gicos que se est\u00e1n logrando a nivel global con el cultivo insignia de la provincia.<br \/>\nFlavia Francescutti, subsecretaria de Agricultura, dialog\u00f3 con Radio Provincia del Chaco sobre el Seminario Internacional de Algod\u00f3n \u201cInnovaci\u00f3n, Calidad y Mercado\u201d, que se realizar\u00e1 el 3 de agosto en Presidencia Roque S\u00e1enz Pe\u00f1a el marco de los 100 a\u00f1os del INTA y previo a la Fiesta Nacional del Algod\u00f3n. El objetivo es dar a conocer y capacitar respecto a los grandes cambios tecnol\u00f3gicos que se est\u00e1n logrando a nivel global con el cultivo insignia de la provincia. El evento es organizado por el Ministerio de Producci\u00f3n, Industria y Empleo.<br \/>\n\u201cSon 100 a\u00f1os de la creaci\u00f3n de la primera chacra experimental del INTA en la localidad de S\u00e1enz Pe\u00f1a, que despu\u00e9s se convirti\u00f3 en la Estaci\u00f3n Experimental S\u00e1enz Pe\u00f1a, la cual fue inaugurada para desarrollar tecnolog\u00edas en algod\u00f3n\u201d, coment\u00f3 Francescutti. En ese sentido, inform\u00f3 que realizar\u00e1n dos eventos durante el mes de agosto, siendo el 1 de agosto la fecha para una celebraci\u00f3n con el INTA y el 3 para el seminario.<br \/>\nSobre el Seminario Internacional del Algod\u00f3n, explic\u00f3 que iniciar\u00e1 a las 9:30 con un acto de celebraci\u00f3n donde estar\u00e1n presentes el gobernador de la provincia del Chaco, el ministro de Producci\u00f3n, Industria y Empleo, el intendente de S\u00e1enz Pena y los directivos nacionales y provinciales del INTA. Asimismo, se dar\u00e1 a conocer el programa del evento.<br \/>\nEn el bloque de la ma\u00f1ana, titulado como \u201cInnovaci\u00f3n Tecnol\u00f3gica y Calidad\u201d, Francescutti coment\u00f3 que disertar\u00e1n \u201cdos estadounidenses que van a hablar sobre las nuevas tecnolog\u00edas de calidad y desarrollo de algod\u00f3n, y otro sobre las mejoras gen\u00e9ticas desarrolladas en algod\u00f3n\u201d. El doctor Keerthi Rathore y Jean-Louis Belot respectivamente ser\u00e1n los encargados de hablar de estas tem\u00e1ticas. Asimismo, tambi\u00e9n disertar\u00e1n dos argentinos, los doctores Mauricio Tcach y Marcelo Paytas sobre los logros y avances tecnol\u00f3gicos del algod\u00f3n en el pa\u00eds.<br \/>\nPor su parte, en el bloque de la tarde, titulado como \u201cComercializaci\u00f3n y Vinculaci\u00f3n Mercosur\u201d, se destaca la disertaci\u00f3n del doctor estadounidense Jarral Neeper que hablar\u00e1 sobre el mercado del algod\u00f3n a nivel mundial. As\u00ed tambi\u00e9n, habr\u00e1 disertantes de Paraguay y Brasil, sum\u00e1ndose a Argentina, para hablar del panorama del Mercosur en cuanto a la producci\u00f3n del algod\u00f3n.<br \/>\nPor \u00faltimo, Francescutti se\u00f1al\u00f3 que el seminario cerrar\u00e1 con un bloque de modelos de negocios regional, titulado como \u201cTejiendo Historias\u201d, que tendr\u00e1 como panel destacado. \u201cPresentar\u00e1n distintas historias entre las cuales una de ellas es de algod\u00f3n agroecol\u00f3gico\u201d, manifest\u00f3. \u201cLos esperamos el 3 de agosto en S\u00e1enz Pe\u00f1a. Tenemos una agenda extraordinaria con disertantes de muy buen nivel y el panel final \u2018Tejiendo historias\u2019 va a estar muy interesante. Estamos contentos y nerviosos porque no falta nada\u201d, concluy\u00f3.<\/p>\n","protected":false},"excerpt":{"rendered":"<p>El evento se desarrollar\u00e1 en el marco de los 100 a\u00f1os del INTA y previo a la Fiesta Nacional del Algod\u00f3n. El objetivo es dar a conocer y capacitar respecto a los grandes cambios tecnol\u00f3gicos que se est\u00e1n logrando a nivel global con el cultivo insignia de la provincia. Flavia Francescutti, subsecretaria de Agricultura, dialog\u00f3 [&hellip;]<\/p>\n","protected":false},"author":1,"featured_media":24076,"comment_status":"closed","ping_status":"closed","sticky":false,"template":"","format":"standard","meta":{"footnotes":""},"categories":[6],"tags":[],"class_list":{"0":"post-24075","1":"post","2":"type-post","3":"status-publish","4":"format-standard","5":"has-post-thumbnail","7":"category-chaco"},"_links":{"self":[{"href":"https:\/\/chacosintesis.com.ar\/index.php\/wp-json\/wp\/v2\/posts\/24075","targetHints":{"allow":["GET"]}}],"collection":[{"href":"https:\/\/chacosintesis.com.ar\/index.php\/wp-json\/wp\/v2\/posts"}],"about":[{"href":"https:\/\/chacosintesis.com.ar\/index.php\/wp-json\/wp\/v2\/types\/post"}],"author":[{"embeddable":true,"href":"https:\/\/chacosintesis.com.ar\/index.php\/wp-json\/wp\/v2\/users\/1"}],"replies":[{"embeddable":true,"href":"https:\/\/chacosintesis.com.ar\/index.php\/wp-json\/wp\/v2\/comments?post=24075"}],"version-history":[{"count":0,"href":"https:\/\/chacosintesis.com.ar\/index.php\/wp-json\/wp\/v2\/posts\/24075\/revisions"}],"wp:featuredmedia":[{"embeddable":true,"href":"https:\/\/chacosintesis.com.ar\/index.php\/wp-json\/wp\/v2\/media\/24076"}],"wp:attachment":[{"href":"https:\/\/chacosintesis.com.ar\/index.php\/wp-json\/wp\/v2\/media?parent=24075"}],"wp:term":[{"taxonomy":"category","embeddable":true,"href":"https:\/\/chacosintesis.com.ar\/index.php\/wp-json\/wp\/v2\/categories?post=24075"},{"taxonomy":"post_tag","embeddable":true,"href":"https:\/\/chacosintesis.com.ar\/index.php\/wp-json\/wp\/v2\/tags?post=24075"}],"curies":[{"name":"wp","href":"https:\/\/api.w.org\/{rel}","templated":true}]}}