{"id":24057,"date":"2023-07-19T16:07:12","date_gmt":"2023-07-19T19:07:12","guid":{"rendered":"https:\/\/chacosintesis.com.ar\/?p=24057"},"modified":"2023-07-19T16:37:02","modified_gmt":"2023-07-19T19:37:02","slug":"capitanich-anuncio-la-creacion-de-un-complemento-salarial-excepcional-para-jubilados-y-jubiladas","status":"publish","type":"post","link":"https:\/\/chacosintesis.com.ar\/index.php\/capitanich-anuncio-la-creacion-de-un-complemento-salarial-excepcional-para-jubilados-y-jubiladas\/","title":{"rendered":"Capitanich anunci\u00f3 la creaci\u00f3n de un complemento salarial excepcional para jubilados y jubiladas"},"content":{"rendered":"<p>La medida beneficiar\u00e1 a 780 personas en julio y a 950 desde agosto. Pasar\u00e1n a cobrar 105 mil pesos desde julio y en agosto aumentar\u00e1 a $112.000.<br \/>\nEl gobernador Jorge Capitanich anunci\u00f3 este mi\u00e9rcoles un complemento salarial excepcional para jubilados y jubiladas que ten\u00edan un ingreso aproximado de $60.000. Se trata de 780 personas que se jubilaron bajo jurisdicciones municipales que no tuvieron los aumentos correspondientes. De esta manera, pasar\u00e1n a cobrar desde julio $105.000 y desde agosto $112.000. Se trata de la creaci\u00f3n de un complemento de car\u00e1cter remunerativo y no bonificable, que permitir\u00e1 equiparar el monto que perciben jubiladas y jubilados del Chaco al valor del Salario M\u00ednimo Vital y M\u00f3vil vigente en el pa\u00eds.<br \/>\nCapitanich manifest\u00f3 que se trata de una medida que \u201cse ejecuta conforme a tener un o\u00eddo puesto en el pueblo\u201d. Y record\u00f3 que las personas jubiladas del Chaco, que conforman un padr\u00f3n cercano a las 40.000, perciben el 82% m\u00f3vil antes de la expiraci\u00f3n de cada mes. En este sentido, el mandatario provincial dijo: \u201cescuchamos sus problemas, percibimos lo que demandan y tratamos de procesar la informaci\u00f3n para ejecutar medidas\u201d.<br \/>\nDe esta manera, se busca reforzar los haberes m\u00ednimos de las beneficiarias y beneficiarios, para alcanzar la igualdad real de oportunidades e inclusi\u00f3n social.<br \/>\nPor otra parte, el titular del Instituto de Seguridad Social, Seguros y Prestamos (insssep), Antonio Morante manifest\u00f3 que el Poder Ejecutivo provincial tom\u00f3 la decisi\u00f3n de compensar el salario de este grupo de jubilados \u201cporque en sus jurisdicciones los haberes quedaron muy atrasados\u201d. Y coment\u00f3 que es una decisi\u00f3n pol\u00edtica que se estuvo esperando.<br \/>\nDesde la Caja Previsional celebran esta medida ya que implica \u201cllevar un valor acorde a la situaci\u00f3n econ\u00f3mica, para que nuestros jubilados tengan mejor acceso a una vida digna\u201d, expres\u00f3.<\/p>\n","protected":false},"excerpt":{"rendered":"<p>La medida beneficiar\u00e1 a 780 personas en julio y a 950 desde agosto. Pasar\u00e1n a cobrar 105 mil pesos desde julio y en agosto aumentar\u00e1 a $112.000. El gobernador Jorge Capitanich anunci\u00f3 este mi\u00e9rcoles un complemento salarial excepcional para jubilados y jubiladas que ten\u00edan un ingreso aproximado de $60.000. Se trata de 780 personas que [&hellip;]<\/p>\n","protected":false},"author":1,"featured_media":24058,"comment_status":"closed","ping_status":"closed","sticky":false,"template":"","format":"standard","meta":{"footnotes":""},"categories":[6],"tags":[],"class_list":{"0":"post-24057","1":"post","2":"type-post","3":"status-publish","4":"format-standard","5":"has-post-thumbnail","7":"category-chaco"},"_links":{"self":[{"href":"https:\/\/chacosintesis.com.ar\/index.php\/wp-json\/wp\/v2\/posts\/24057","targetHints":{"allow":["GET"]}}],"collection":[{"href":"https:\/\/chacosintesis.com.ar\/index.php\/wp-json\/wp\/v2\/posts"}],"about":[{"href":"https:\/\/chacosintesis.com.ar\/index.php\/wp-json\/wp\/v2\/types\/post"}],"author":[{"embeddable":true,"href":"https:\/\/chacosintesis.com.ar\/index.php\/wp-json\/wp\/v2\/users\/1"}],"replies":[{"embeddable":true,"href":"https:\/\/chacosintesis.com.ar\/index.php\/wp-json\/wp\/v2\/comments?post=24057"}],"version-history":[{"count":0,"href":"https:\/\/chacosintesis.com.ar\/index.php\/wp-json\/wp\/v2\/posts\/24057\/revisions"}],"wp:featuredmedia":[{"embeddable":true,"href":"https:\/\/chacosintesis.com.ar\/index.php\/wp-json\/wp\/v2\/media\/24058"}],"wp:attachment":[{"href":"https:\/\/chacosintesis.com.ar\/index.php\/wp-json\/wp\/v2\/media?parent=24057"}],"wp:term":[{"taxonomy":"category","embeddable":true,"href":"https:\/\/chacosintesis.com.ar\/index.php\/wp-json\/wp\/v2\/categories?post=24057"},{"taxonomy":"post_tag","embeddable":true,"href":"https:\/\/chacosintesis.com.ar\/index.php\/wp-json\/wp\/v2\/tags?post=24057"}],"curies":[{"name":"wp","href":"https:\/\/api.w.org\/{rel}","templated":true}]}}