{"id":24045,"date":"2023-07-19T15:30:11","date_gmt":"2023-07-19T18:30:11","guid":{"rendered":"https:\/\/chacosintesis.com.ar\/?p=24045"},"modified":"2023-07-19T15:36:55","modified_gmt":"2023-07-19T18:36:55","slug":"se-realizara-el-segundo-encuentro-savia-un-campamento-formativo-de-gestion-cultural-y-ambiental","status":"publish","type":"post","link":"https:\/\/chacosintesis.com.ar\/index.php\/se-realizara-el-segundo-encuentro-savia-un-campamento-formativo-de-gestion-cultural-y-ambiental\/","title":{"rendered":"Se realizar\u00e1 el segundo encuentro SAVIA, un campamento formativo de gesti\u00f3n cultural y ambiental"},"content":{"rendered":"<p>El Gobierno provincial, a trav\u00e9s del Ministerio de Ambiente y Desarrollo Territorial Sostenible realizar\u00e1 el segundo encuentro \u201cSAVIA Campamento Formativo Cultura + Ambiente\u201d el pr\u00f3ximo s\u00e1bado 5 y domingo 6 de agosto. La actividad surge de una propuesta del Centro Cultural Alternativo (CECUAL) dependiente del Instituto de Cultura del Chaco, junto a la subsecretar\u00eda de Ambiente y Biodiversidad y el programa de formaci\u00f3n Chaco Sostenible. La convocatoria est\u00e1 destinada a artistas, gestores culturales y ambientales que tengan un proyecto o idea que vincule tem\u00e1ticas de cultura y ambiente. La propuesta contar\u00e1 con diversas charlas, capacitaciones en el parque, recorridos sensibles, entre otras. En este caso, el evento se llevar\u00e1 a cabo en la reserva natural Pig\u00fcen N&#8217;onax\u00e1 \u201cCampo de Cielo\u201d. La fecha de inscripci\u00f3n a la convocatoria es del 18 al 23 de julio a trav\u00e9s del formulario online: <a href=\"https:\/\/forms.gle\/svrKuPfvwFXP9RXZA\">forms.gle\/svrKuPfvwFXP9RXZA<\/a> \u201cEl campamento busca construir intercambios respecto a pr\u00e1cticas culturales y su v\u00ednculo con el ambiente desde una perspectiva del buen vivir y poner en valor la voz de hacedores, artistas, gestores, especialistas que desde la cultura impulsan e implementan acciones en favor del ambiente, intercambiando miradas, herramientas y acciones concretas sobre qu\u00e9 podemos hacer desde el campo cultural por el ambiente\u201d, expres\u00f3 la coordinadora del programa Chaco Sostenible, Marilyn Rol\u00f3n.<\/p>\n","protected":false},"excerpt":{"rendered":"<p>El Gobierno provincial, a trav\u00e9s del Ministerio de Ambiente y Desarrollo Territorial Sostenible realizar\u00e1 el segundo encuentro \u201cSAVIA Campamento Formativo Cultura + Ambiente\u201d el pr\u00f3ximo s\u00e1bado 5 y domingo 6 de agosto. La actividad surge de una propuesta del Centro Cultural Alternativo (CECUAL) dependiente del Instituto de Cultura del Chaco, junto a la subsecretar\u00eda de [&hellip;]<\/p>\n","protected":false},"author":1,"featured_media":24046,"comment_status":"closed","ping_status":"closed","sticky":false,"template":"","format":"standard","meta":{"footnotes":""},"categories":[6],"tags":[],"class_list":{"0":"post-24045","1":"post","2":"type-post","3":"status-publish","4":"format-standard","5":"has-post-thumbnail","7":"category-chaco"},"_links":{"self":[{"href":"https:\/\/chacosintesis.com.ar\/index.php\/wp-json\/wp\/v2\/posts\/24045","targetHints":{"allow":["GET"]}}],"collection":[{"href":"https:\/\/chacosintesis.com.ar\/index.php\/wp-json\/wp\/v2\/posts"}],"about":[{"href":"https:\/\/chacosintesis.com.ar\/index.php\/wp-json\/wp\/v2\/types\/post"}],"author":[{"embeddable":true,"href":"https:\/\/chacosintesis.com.ar\/index.php\/wp-json\/wp\/v2\/users\/1"}],"replies":[{"embeddable":true,"href":"https:\/\/chacosintesis.com.ar\/index.php\/wp-json\/wp\/v2\/comments?post=24045"}],"version-history":[{"count":0,"href":"https:\/\/chacosintesis.com.ar\/index.php\/wp-json\/wp\/v2\/posts\/24045\/revisions"}],"wp:featuredmedia":[{"embeddable":true,"href":"https:\/\/chacosintesis.com.ar\/index.php\/wp-json\/wp\/v2\/media\/24046"}],"wp:attachment":[{"href":"https:\/\/chacosintesis.com.ar\/index.php\/wp-json\/wp\/v2\/media?parent=24045"}],"wp:term":[{"taxonomy":"category","embeddable":true,"href":"https:\/\/chacosintesis.com.ar\/index.php\/wp-json\/wp\/v2\/categories?post=24045"},{"taxonomy":"post_tag","embeddable":true,"href":"https:\/\/chacosintesis.com.ar\/index.php\/wp-json\/wp\/v2\/tags?post=24045"}],"curies":[{"name":"wp","href":"https:\/\/api.w.org\/{rel}","templated":true}]}}