{"id":24043,"date":"2023-07-19T15:22:08","date_gmt":"2023-07-19T18:22:08","guid":{"rendered":"https:\/\/chacosintesis.com.ar\/?p=24043"},"modified":"2023-07-19T15:36:54","modified_gmt":"2023-07-19T18:36:54","slug":"inauguraron-un-nuevo-supermercado-en-fontana-que-genera-177-puestos-de-trabajo","status":"publish","type":"post","link":"https:\/\/chacosintesis.com.ar\/index.php\/inauguraron-un-nuevo-supermercado-en-fontana-que-genera-177-puestos-de-trabajo\/","title":{"rendered":"Inauguraron un nuevo supermercado en Fontana que genera 177 puestos de trabajo"},"content":{"rendered":"<p>Mediante los programas \u201cPotenciar Trabajo\u201d y \u201cM\u00e1s Empleo\u201d el Estado cubrir\u00e1 parte de los salarios en los nuevos puestos de trabajo por hasta 2 a\u00f1os para facilitar la capacitaci\u00f3n y reinversi\u00f3n empresarial. Adem\u00e1s, se apunta a una oferta de 1.000 productos locales.<br \/>\nEn la ma\u00f1ana de este mi\u00e9rcoles el gobernador Jorge Capitanich junto al ministro de Producci\u00f3n, Industria y Empleo, Sebasti\u00e1n Lifton, acompa\u00f1aron la inauguraci\u00f3n de la nueva sucursal del supermercado \u201cEl Indio\u201d en la localidad de Fontana, una inversi\u00f3n privada que cuenta con apoyo del Gobierno para cubrir los salarios de los 177 nuevos puestos de trabajo generados.<br \/>\n\u201cAc\u00e1 son 177 trabajadores y trabajadoras en toda su red de expansi\u00f3n. Hemos tenido programas de entrenamiento laboral y M\u00e1s Empleo para fomentar el proceso de entrenamiento de los trabajadores conjuntamente en los pr\u00f3ximos 24 meses para el incentivo de la generaci\u00f3n de empleo\u201d, cont\u00f3 el gobernador.<br \/>\nAdem\u00e1s, el mandatario destac\u00f3 que \u201cse hicieron distintas inversiones\u201d, entre las cuales, mencion\u00f3 la repavimentaci\u00f3n estructural de la avenida Alvear, la calle Nahuel Huapi, la avenida Marconi y toda la red de infraestructura social b\u00e1sica \u201cpara generar la expansi\u00f3n de la infraestructura del desarrollo inmobiliario de Fontana\u201d.<br \/>\n\u201cEl emprendimiento ac\u00e1 no es solo la radicaci\u00f3n de esta inversi\u00f3n que genera empleos, sino tambi\u00e9n la construcci\u00f3n de edificios en altura, nuevos emprendimientos comerciales que van a generar desarrollo\u201d, analiz\u00f3, y sostuvo que \u201cesto es un tema que arranca ahora, pero se extender\u00e1 durante los pr\u00f3ximos 10-15 a\u00f1os con nuevas inversiones de distintas caracter\u00edsticas que generar\u00e1n empleo productivo y naturalmente un nivel de desarrollo\u201d.<br \/>\nJunto con la inversi\u00f3n, la propuesta del nuevo supermercado ser\u00e1 sumar productos chaque\u00f1os en sus g\u00f3ndolas para dar un impulso a la industria local. \u201cDe los 8.000 productos el objetivo es lograr que cerca de 600 chaque\u00f1os puedan tener una red de distribuci\u00f3n minorista, y vamos a llegar a 1.000 productos chaque\u00f1os con sus distintas caracter\u00edsticas\u201d, precis\u00f3 Capitanich.<br \/>\nPor su parte, el ministro Lifton plante\u00f3 que esto es \u201cuna posibilidad de generar oportunidades laborales muy importante en la localidad, y forma parte de un complejo que est\u00e1 proyectando nuevas inversiones y se complementan con inversiones p\u00fablicas en acceso y pavimentaci\u00f3n\u201d. A su vez, ratific\u00f3 que \u201ces una apuesta muy fuerte a potenciar productos locales a las g\u00f3ndolas\u201d.<br \/>\n\u201cLos empresarios permanentemente tienen propuestas y necesitan acompa\u00f1amiento. Con el Programa M\u00e1s Empleo, permitimos la formaci\u00f3n de los trabajadores y brindamos el acompa\u00f1amiento necesario para que avancen las inversiones\u201d, concluy\u00f3.<\/p>\n","protected":false},"excerpt":{"rendered":"<p>Mediante los programas \u201cPotenciar Trabajo\u201d y \u201cM\u00e1s Empleo\u201d el Estado cubrir\u00e1 parte de los salarios en los nuevos puestos de trabajo por hasta 2 a\u00f1os para facilitar la capacitaci\u00f3n y reinversi\u00f3n empresarial. Adem\u00e1s, se apunta a una oferta de 1.000 productos locales. En la ma\u00f1ana de este mi\u00e9rcoles el gobernador Jorge Capitanich junto al ministro [&hellip;]<\/p>\n","protected":false},"author":1,"featured_media":24044,"comment_status":"closed","ping_status":"closed","sticky":false,"template":"","format":"standard","meta":{"footnotes":""},"categories":[6],"tags":[],"class_list":{"0":"post-24043","1":"post","2":"type-post","3":"status-publish","4":"format-standard","5":"has-post-thumbnail","7":"category-chaco"},"_links":{"self":[{"href":"https:\/\/chacosintesis.com.ar\/index.php\/wp-json\/wp\/v2\/posts\/24043","targetHints":{"allow":["GET"]}}],"collection":[{"href":"https:\/\/chacosintesis.com.ar\/index.php\/wp-json\/wp\/v2\/posts"}],"about":[{"href":"https:\/\/chacosintesis.com.ar\/index.php\/wp-json\/wp\/v2\/types\/post"}],"author":[{"embeddable":true,"href":"https:\/\/chacosintesis.com.ar\/index.php\/wp-json\/wp\/v2\/users\/1"}],"replies":[{"embeddable":true,"href":"https:\/\/chacosintesis.com.ar\/index.php\/wp-json\/wp\/v2\/comments?post=24043"}],"version-history":[{"count":0,"href":"https:\/\/chacosintesis.com.ar\/index.php\/wp-json\/wp\/v2\/posts\/24043\/revisions"}],"wp:featuredmedia":[{"embeddable":true,"href":"https:\/\/chacosintesis.com.ar\/index.php\/wp-json\/wp\/v2\/media\/24044"}],"wp:attachment":[{"href":"https:\/\/chacosintesis.com.ar\/index.php\/wp-json\/wp\/v2\/media?parent=24043"}],"wp:term":[{"taxonomy":"category","embeddable":true,"href":"https:\/\/chacosintesis.com.ar\/index.php\/wp-json\/wp\/v2\/categories?post=24043"},{"taxonomy":"post_tag","embeddable":true,"href":"https:\/\/chacosintesis.com.ar\/index.php\/wp-json\/wp\/v2\/tags?post=24043"}],"curies":[{"name":"wp","href":"https:\/\/api.w.org\/{rel}","templated":true}]}}