{"id":24041,"date":"2023-07-19T15:20:34","date_gmt":"2023-07-19T18:20:34","guid":{"rendered":"https:\/\/chacosintesis.com.ar\/?p=24041"},"modified":"2023-07-19T15:36:53","modified_gmt":"2023-07-19T18:36:53","slug":"se-espera-un-aumento-de-la-temperatura-para-los-dias-jueves-viernes-y-sabado","status":"publish","type":"post","link":"https:\/\/chacosintesis.com.ar\/index.php\/se-espera-un-aumento-de-la-temperatura-para-los-dias-jueves-viernes-y-sabado\/","title":{"rendered":"Se espera un aumento de la temperatura para los d\u00edas jueves, viernes y s\u00e1bado"},"content":{"rendered":"<p>El meteor\u00f3logo Julio R\u00edos dio precisiones acerca de c\u00f3mo estar\u00e1 la temperatura en la provincia en lo que resta de esta semana y del mes de julio. Tras el incremento, se espera que el domingo las temperaturas vuelvan a descender.<br \/>\nEl meteor\u00f3logo Julio R\u00edos dialog\u00f3 con Chaco TV y dio precisiones de c\u00f3mo estar\u00e1 la temperatura en la provincia en lo que resta de esta semana y del mes de julio. \u201cDurante la jornada de hoy vamos a continuar con este d\u00eda fr\u00edo, seco, con vientos leves del sector sur que gradualmente van a ir rotando al sector nordeste. Para esta tarde se va a ir notando un gradual incremento de la temperatura\u201d, detall\u00f3.<br \/>\nEn ese sentido, inform\u00f3 que esta temperatura fr\u00eda se mantendr\u00e1 hasta la madrugada del jueves ya que luego habr\u00e1 un aumento de las temperaturas gracias al incremento de viento del sector noreste. \u201cProbablemente jueves, viernes y s\u00e1bado tendr\u00edamos jornadas c\u00e1lidas con temperaturas m\u00ednimas arriba de los 9\u00b0C o 10\u00b0C que van a ir ascendiendo durante el viernes y el s\u00e1bado. Las m\u00e1ximas probablemente superen los 30\u00b0C entre el viernes y el s\u00e1bado\u201d, se\u00f1al\u00f3 el meteor\u00f3logo.<br \/>\nNo obstante, expres\u00f3 que las temperaturas altas no van a durar por mucho tiempo ya que se espera un nuevo descenso para la \u00faltima semana de julio. \u201cPara el domingo tendr\u00edamos el ingreso de una nueva masa de aire fr\u00edo y seco con vientos del sector sur que nuevamente van a provocar descensos de temperatura\u201d, concluy\u00f3.<\/p>\n","protected":false},"excerpt":{"rendered":"<p>El meteor\u00f3logo Julio R\u00edos dio precisiones acerca de c\u00f3mo estar\u00e1 la temperatura en la provincia en lo que resta de esta semana y del mes de julio. Tras el incremento, se espera que el domingo las temperaturas vuelvan a descender. El meteor\u00f3logo Julio R\u00edos dialog\u00f3 con Chaco TV y dio precisiones de c\u00f3mo estar\u00e1 la [&hellip;]<\/p>\n","protected":false},"author":1,"featured_media":24042,"comment_status":"closed","ping_status":"closed","sticky":false,"template":"","format":"standard","meta":{"footnotes":""},"categories":[6],"tags":[],"class_list":{"0":"post-24041","1":"post","2":"type-post","3":"status-publish","4":"format-standard","5":"has-post-thumbnail","7":"category-chaco"},"_links":{"self":[{"href":"https:\/\/chacosintesis.com.ar\/index.php\/wp-json\/wp\/v2\/posts\/24041","targetHints":{"allow":["GET"]}}],"collection":[{"href":"https:\/\/chacosintesis.com.ar\/index.php\/wp-json\/wp\/v2\/posts"}],"about":[{"href":"https:\/\/chacosintesis.com.ar\/index.php\/wp-json\/wp\/v2\/types\/post"}],"author":[{"embeddable":true,"href":"https:\/\/chacosintesis.com.ar\/index.php\/wp-json\/wp\/v2\/users\/1"}],"replies":[{"embeddable":true,"href":"https:\/\/chacosintesis.com.ar\/index.php\/wp-json\/wp\/v2\/comments?post=24041"}],"version-history":[{"count":0,"href":"https:\/\/chacosintesis.com.ar\/index.php\/wp-json\/wp\/v2\/posts\/24041\/revisions"}],"wp:featuredmedia":[{"embeddable":true,"href":"https:\/\/chacosintesis.com.ar\/index.php\/wp-json\/wp\/v2\/media\/24042"}],"wp:attachment":[{"href":"https:\/\/chacosintesis.com.ar\/index.php\/wp-json\/wp\/v2\/media?parent=24041"}],"wp:term":[{"taxonomy":"category","embeddable":true,"href":"https:\/\/chacosintesis.com.ar\/index.php\/wp-json\/wp\/v2\/categories?post=24041"},{"taxonomy":"post_tag","embeddable":true,"href":"https:\/\/chacosintesis.com.ar\/index.php\/wp-json\/wp\/v2\/tags?post=24041"}],"curies":[{"name":"wp","href":"https:\/\/api.w.org\/{rel}","templated":true}]}}