{"id":24039,"date":"2023-07-19T15:19:41","date_gmt":"2023-07-19T18:19:41","guid":{"rendered":"https:\/\/chacosintesis.com.ar\/?p=24039"},"modified":"2023-07-19T15:36:53","modified_gmt":"2023-07-19T18:36:53","slug":"inicia-la-agenda-de-actividades-para-conmemorar-el-99-aniversario-de-la-masacre-de-napalpi","status":"publish","type":"post","link":"https:\/\/chacosintesis.com.ar\/index.php\/inicia-la-agenda-de-actividades-para-conmemorar-el-99-aniversario-de-la-masacre-de-napalpi\/","title":{"rendered":"Inicia la agenda de actividades para conmemorar el 99\u00b0 aniversario de la Masacre de Napalp\u00ed"},"content":{"rendered":"<p>Este mi\u00e9rcoles 19 a las 10 se realizar\u00e1 el acto conmemorativo en el Memorial de Napalp\u00ed, lugar ubicado a ocho kil\u00f3metros de Machagai, donde ocurri\u00f3 la masacre y donde descansan los restos de las y los fusilados del pueblo qom y moqoit.<br \/>\nEl Gobierno del Chaco a trav\u00e9s del Instituto de Cultura conmemorar\u00e1 el 99\u00b0 aniversario de la Masacre de Napalp\u00ed con un cronograma de actividades. La agenda iniciar\u00e1 este mi\u00e9rcoles 19 de julio, a las 10, con el Acto Oficial en el Memorial de Napalp\u00ed, organizado por la Comisi\u00f3n del Memorial, junto con distintas organizaciones del pueblo Qom y Moqoit. A las 12.30, se realizar\u00e1 la apertura del Encuentro de Artesanos Napalp\u00ed en la plaza central de Colonia Aborigen. La iniciativa es organizada por la Fundaci\u00f3n Despegar (Vilma Saravia) y cuenta con el acompa\u00f1amiento del Instituto de Cultura del Chaco. La agenda continuar\u00e1 el jueves 20, de 8.30 a 13.30, en el Sal\u00f3n Montecarlo, del Hotel Amerian, en Resistencia. All\u00ed se llevar\u00e1 a cabo una jornada de Capacitaci\u00f3n \u201cDerechos de los pueblos Ind\u00edgenas, buenas pr\u00e1cticas para la actuaci\u00f3n policial desde una perspectiva intercultural\u201d a las fuerzas de Seguridad Federales y Provinciales. El evento es organizado por el Ministerio de Seguridad de la Naci\u00f3n y el Ministerio de Seguridad y Justicia de la Provincia.<\/p>\n<p>La masacre de Napalp\u00ed<\/p>\n<p>Napalp\u00ed significa lugar de descanso. Este territorio, que hoy se denomina Colonia Aborigen, est\u00e1 ubicado a 132 km de Resistencia. All\u00ed habitan tres etnias; Qom, Wichi y Mocoit. El 19 de julio de 1924, m\u00e1s de 400 hombres, mujeres y ni\u00f1as y ni\u00f1os criollos y pertenecientes a estas comunidades fueron v\u00edctimas de uno de los episodios m\u00e1s extremos de violencia que sufrieron los pueblos originarios y que se conoci\u00f3 como la Masacre de Napalp\u00ed. Casi 100 a\u00f1os despu\u00e9s, en un juicio in\u00e9dito, la justicia determin\u00f3 que la masacre fue un genocidio.<\/p>\n","protected":false},"excerpt":{"rendered":"<p>Este mi\u00e9rcoles 19 a las 10 se realizar\u00e1 el acto conmemorativo en el Memorial de Napalp\u00ed, lugar ubicado a ocho kil\u00f3metros de Machagai, donde ocurri\u00f3 la masacre y donde descansan los restos de las y los fusilados del pueblo qom y moqoit. El Gobierno del Chaco a trav\u00e9s del Instituto de Cultura conmemorar\u00e1 el 99\u00b0 [&hellip;]<\/p>\n","protected":false},"author":1,"featured_media":24040,"comment_status":"closed","ping_status":"closed","sticky":false,"template":"","format":"standard","meta":{"footnotes":""},"categories":[6],"tags":[],"class_list":{"0":"post-24039","1":"post","2":"type-post","3":"status-publish","4":"format-standard","5":"has-post-thumbnail","7":"category-chaco"},"_links":{"self":[{"href":"https:\/\/chacosintesis.com.ar\/index.php\/wp-json\/wp\/v2\/posts\/24039","targetHints":{"allow":["GET"]}}],"collection":[{"href":"https:\/\/chacosintesis.com.ar\/index.php\/wp-json\/wp\/v2\/posts"}],"about":[{"href":"https:\/\/chacosintesis.com.ar\/index.php\/wp-json\/wp\/v2\/types\/post"}],"author":[{"embeddable":true,"href":"https:\/\/chacosintesis.com.ar\/index.php\/wp-json\/wp\/v2\/users\/1"}],"replies":[{"embeddable":true,"href":"https:\/\/chacosintesis.com.ar\/index.php\/wp-json\/wp\/v2\/comments?post=24039"}],"version-history":[{"count":0,"href":"https:\/\/chacosintesis.com.ar\/index.php\/wp-json\/wp\/v2\/posts\/24039\/revisions"}],"wp:featuredmedia":[{"embeddable":true,"href":"https:\/\/chacosintesis.com.ar\/index.php\/wp-json\/wp\/v2\/media\/24040"}],"wp:attachment":[{"href":"https:\/\/chacosintesis.com.ar\/index.php\/wp-json\/wp\/v2\/media?parent=24039"}],"wp:term":[{"taxonomy":"category","embeddable":true,"href":"https:\/\/chacosintesis.com.ar\/index.php\/wp-json\/wp\/v2\/categories?post=24039"},{"taxonomy":"post_tag","embeddable":true,"href":"https:\/\/chacosintesis.com.ar\/index.php\/wp-json\/wp\/v2\/tags?post=24039"}],"curies":[{"name":"wp","href":"https:\/\/api.w.org\/{rel}","templated":true}]}}