{"id":24023,"date":"2023-07-18T19:47:11","date_gmt":"2023-07-18T22:47:11","guid":{"rendered":"https:\/\/chacosintesis.com.ar\/?p=24023"},"modified":"2023-07-18T20:07:01","modified_gmt":"2023-07-18T23:07:01","slug":"por-segundo-dia-consecutivo-hay-alerta-por-temperaturas-extremas-en-el-chaco","status":"publish","type":"post","link":"https:\/\/chacosintesis.com.ar\/index.php\/por-segundo-dia-consecutivo-hay-alerta-por-temperaturas-extremas-en-el-chaco\/","title":{"rendered":"Por segundo d\u00eda consecutivo, hay alerta por temperaturas extremas en el Chaco"},"content":{"rendered":"<p>El Servicio Meteorol\u00f3gico Nacional emiti\u00f3 un alerta amarillo por temperaturas extremas de fr\u00edo en algunas regiones del pa\u00eds, y que abarca nuevamente a buena parte del territorio chaque\u00f1o.<br \/>\nIgual que la vigente durante esta jornada de martes, el Servicio Meteorol\u00f3gico Nacional volvi\u00f3 a emitir un alerta amarillo hasta las 18.21 de este mi\u00e9rcoles que abarca casi todo el Chaco, excepto el extremo norte.<br \/>\nAdem\u00e1s, el alerta incluye a buena parte del litoral (Corrientes, Misiones, Entre R\u00edos y Santa Fe), parte de las provincias de Formosa, Buenos Aires, Tucum\u00e1n, y el sur de Santa Cruz.<br \/>\nEn el pron\u00f3stico para la ciudad de Resistencia, el martes se presentar\u00e1 con una m\u00ednima de 4\u00b0C y una m\u00e1xima de 18\u00b0C, mientras que hacia el jueves se producir\u00e1 un pronunciado incremento para llegar a una m\u00ednima de 12\u00b0C y una m\u00e1xima de 25\u00b0C.<br \/>\nSeg\u00fan indica el organismo, el nivel amarillo significa un \u201cefecto leve a moderado en la salud\u201d de este tipo de fen\u00f3menos, ya que las temperaturas \u201cpueden ser peligrosas, sobre todo para los grupos de riesgo, como ni\u00f1os y ni\u00f1as, personas mayores de 65 a\u00f1os, con enfermedades cr\u00f3nicas\u201d.<br \/>\n<<a href=\"http:\/\/www.avg.com\/email-signature?utm_medium=email&#038;utm_source=link&#038;utm_campaign=sig-email&#038;utm_content=webmail\">www.avg.com\/email-signature?utm_medium=email&amp;utm_source=link&amp;utm_campaign=sig-email&amp;utm_content=webmail<\/a>> Libre de virus.www.avg.com <<a href=\"http:\/\/www.avg.com\/email-signature?utm_medium=email&#038;utm_source=link&#038;utm_campaign=sig-email&#038;utm_content=webmail\">www.avg.com\/email-signature?utm_medium=email&amp;utm_source=link&amp;utm_campaign=sig-email&amp;utm_content=webmail<\/a>> <#DAB4FAD8-2DD7-40BB-A1B8-4E2AA1F9FDF2><\/p>\n","protected":false},"excerpt":{"rendered":"<p>El Servicio Meteorol\u00f3gico Nacional emiti\u00f3 un alerta amarillo por temperaturas extremas de fr\u00edo en algunas regiones del pa\u00eds, y que abarca nuevamente a buena parte del territorio chaque\u00f1o. Igual que la vigente durante esta jornada de martes, el Servicio Meteorol\u00f3gico Nacional volvi\u00f3 a emitir un alerta amarillo hasta las 18.21 de este mi\u00e9rcoles que abarca [&hellip;]<\/p>\n","protected":false},"author":1,"featured_media":24024,"comment_status":"closed","ping_status":"closed","sticky":false,"template":"","format":"standard","meta":{"footnotes":""},"categories":[6],"tags":[],"class_list":{"0":"post-24023","1":"post","2":"type-post","3":"status-publish","4":"format-standard","5":"has-post-thumbnail","7":"category-chaco"},"_links":{"self":[{"href":"https:\/\/chacosintesis.com.ar\/index.php\/wp-json\/wp\/v2\/posts\/24023","targetHints":{"allow":["GET"]}}],"collection":[{"href":"https:\/\/chacosintesis.com.ar\/index.php\/wp-json\/wp\/v2\/posts"}],"about":[{"href":"https:\/\/chacosintesis.com.ar\/index.php\/wp-json\/wp\/v2\/types\/post"}],"author":[{"embeddable":true,"href":"https:\/\/chacosintesis.com.ar\/index.php\/wp-json\/wp\/v2\/users\/1"}],"replies":[{"embeddable":true,"href":"https:\/\/chacosintesis.com.ar\/index.php\/wp-json\/wp\/v2\/comments?post=24023"}],"version-history":[{"count":0,"href":"https:\/\/chacosintesis.com.ar\/index.php\/wp-json\/wp\/v2\/posts\/24023\/revisions"}],"wp:featuredmedia":[{"embeddable":true,"href":"https:\/\/chacosintesis.com.ar\/index.php\/wp-json\/wp\/v2\/media\/24024"}],"wp:attachment":[{"href":"https:\/\/chacosintesis.com.ar\/index.php\/wp-json\/wp\/v2\/media?parent=24023"}],"wp:term":[{"taxonomy":"category","embeddable":true,"href":"https:\/\/chacosintesis.com.ar\/index.php\/wp-json\/wp\/v2\/categories?post=24023"},{"taxonomy":"post_tag","embeddable":true,"href":"https:\/\/chacosintesis.com.ar\/index.php\/wp-json\/wp\/v2\/tags?post=24023"}],"curies":[{"name":"wp","href":"https:\/\/api.w.org\/{rel}","templated":true}]}}