{"id":24021,"date":"2023-07-18T19:31:06","date_gmt":"2023-07-18T22:31:06","guid":{"rendered":"https:\/\/chacosintesis.com.ar\/?p=24021"},"modified":"2023-07-18T19:31:45","modified_gmt":"2023-07-18T22:31:45","slug":"avia-terai-cayo-un-avioneta-de-bolivia-con-300kg-de-cocaina","status":"publish","type":"post","link":"https:\/\/chacosintesis.com.ar\/index.php\/avia-terai-cayo-un-avioneta-de-bolivia-con-300kg-de-cocaina\/","title":{"rendered":"Av\u00eda Terai: Cay\u00f3 un avioneta de Bolivia con 300kg de coca\u00edna"},"content":{"rendered":"<p>Se agudiza el narcotr\u00e1fico en el centro del Chaco. En la tarde de este martes, un avi\u00f3n con matr\u00edcula de Bolivia cargado con coca\u00edna se precipit\u00f3 a tierra a 5 kil\u00f3metros al norte del casco urbano de Av\u00eda Terai.<br \/>\n El Comisario Javiers Miers confirm\u00f3 que &#8220;En este momento el personal de la Polic\u00eda del Chaco est\u00e1 contabilizando los panes pero el cargamento ser\u00eda de m\u00e1s de 300 kilos de coca\u00edna&#8221;, inform\u00f3 preliminarmente.<\/p>\n<p>A plena luz del d\u00eda avi\u00f3n del vecino pa\u00eds -con matr\u00edcula CP 3123- cay\u00f3 a tierra cargado con centenares de kilos de coca\u00edna y qued\u00f3 en posici\u00f3n invertida; a 5 kil\u00f3metros del casco urbano de Av\u00eda Terai.<\/p>\n<p>Al respecto, el jefe policial detall\u00f3 que la aeronave boliviana se precipit\u00f3 a tierra en jurisdicci\u00f3n de Avia Terai. &#8220;Cay\u00f3 a 5 kil\u00f3metros al norte del casco urbano y de la Ruta Nacional N\u00ba 16, en cercan\u00edas de una escuela primaria de la periferia, en campo La Aurora.<\/p>\n<p>No sabemos si el avi\u00f3n con matr\u00edcula boliviana ten\u00eda orientaci\u00f3n hacia Presidencia Roque S\u00e1enz Pe\u00f1a, todo es muy reciente y el personal policial est\u00e1 trabajando en el lugar haciendo el pesaje de los panes de coca\u00edna. Especulamos que la aeronave tuvo desperfectos t\u00e9cnicos y se precipit\u00f3 a tierra a las 16.00 horas de este martes&#8221;, cerr\u00f3 el jefe policial.<\/p>\n<p>Diario22.ar con informaci\u00f3n de Periodismo 365<\/p>\n","protected":false},"excerpt":{"rendered":"<p>Se agudiza el narcotr\u00e1fico en el centro del Chaco. En la tarde de este martes, un avi\u00f3n con matr\u00edcula de Bolivia cargado con coca\u00edna se precipit\u00f3 a tierra a 5 kil\u00f3metros al norte del casco urbano de Av\u00eda Terai. El Comisario Javiers Miers confirm\u00f3 que &#8220;En este momento el personal de la Polic\u00eda del Chaco [&hellip;]<\/p>\n","protected":false},"author":1,"featured_media":24022,"comment_status":"closed","ping_status":"closed","sticky":false,"template":"","format":"standard","meta":{"footnotes":""},"categories":[6],"tags":[197],"class_list":{"0":"post-24021","1":"post","2":"type-post","3":"status-publish","4":"format-standard","5":"has-post-thumbnail","7":"category-chaco","8":"tag-destacada"},"_links":{"self":[{"href":"https:\/\/chacosintesis.com.ar\/index.php\/wp-json\/wp\/v2\/posts\/24021","targetHints":{"allow":["GET"]}}],"collection":[{"href":"https:\/\/chacosintesis.com.ar\/index.php\/wp-json\/wp\/v2\/posts"}],"about":[{"href":"https:\/\/chacosintesis.com.ar\/index.php\/wp-json\/wp\/v2\/types\/post"}],"author":[{"embeddable":true,"href":"https:\/\/chacosintesis.com.ar\/index.php\/wp-json\/wp\/v2\/users\/1"}],"replies":[{"embeddable":true,"href":"https:\/\/chacosintesis.com.ar\/index.php\/wp-json\/wp\/v2\/comments?post=24021"}],"version-history":[{"count":0,"href":"https:\/\/chacosintesis.com.ar\/index.php\/wp-json\/wp\/v2\/posts\/24021\/revisions"}],"wp:featuredmedia":[{"embeddable":true,"href":"https:\/\/chacosintesis.com.ar\/index.php\/wp-json\/wp\/v2\/media\/24022"}],"wp:attachment":[{"href":"https:\/\/chacosintesis.com.ar\/index.php\/wp-json\/wp\/v2\/media?parent=24021"}],"wp:term":[{"taxonomy":"category","embeddable":true,"href":"https:\/\/chacosintesis.com.ar\/index.php\/wp-json\/wp\/v2\/categories?post=24021"},{"taxonomy":"post_tag","embeddable":true,"href":"https:\/\/chacosintesis.com.ar\/index.php\/wp-json\/wp\/v2\/tags?post=24021"}],"curies":[{"name":"wp","href":"https:\/\/api.w.org\/{rel}","templated":true}]}}