{"id":24015,"date":"2023-07-18T19:02:55","date_gmt":"2023-07-18T22:02:55","guid":{"rendered":"https:\/\/chacosintesis.com.ar\/?p=24015"},"modified":"2023-07-18T19:07:40","modified_gmt":"2023-07-18T22:07:40","slug":"se-presento-en-el-chaco-el-programa-nacional-de-inclusion-e-integracion-joven-2023","status":"publish","type":"post","link":"https:\/\/chacosintesis.com.ar\/index.php\/se-presento-en-el-chaco-el-programa-nacional-de-inclusion-e-integracion-joven-2023\/","title":{"rendered":"Se present\u00f3 en el Chaco el programa nacional de inclusi\u00f3n e integraci\u00f3n joven 2023"},"content":{"rendered":"<p>Est\u00e1 dirigido a j\u00f3venes de 18 a 29 a\u00f1os en situaci\u00f3n de vulnerabilidad, interesados en acceder a una amplia oferta acad\u00e9mica que va desde terminalidad educativa, escuelas de formaci\u00f3n profesional y propuestas de capacitaci\u00f3n laboral. Contemplar\u00e1 un est\u00edmulo econ\u00f3mico.<br \/>\nLa vicegobernadora Anal\u00eda Rach Quiroga y la ministra de Desarrollo Social, Mar\u00eda P\u00eda Chiacchio Cavana, participaron este mediod\u00eda de un encuentro con m\u00e1s de 100 j\u00f3venes para presentar el \u201cPrograma de Inclusi\u00f3n e Integraci\u00f3n Joven\u201d. Se trata de una propuesta del Gobierno nacional, destinada a j\u00f3venes de 18 a 29 a\u00f1os, que busca promover la inclusi\u00f3n e integraci\u00f3n social de personas en situaci\u00f3n de vulnerabilidad.<br \/>\n\u201cEste plan busca incluir en actividades educativas, culturales y laborales a muchos j\u00f3venes con un aporte econ\u00f3mico para poder realizar dichas actividades\u201d, subray\u00f3 Chiacchio Cavana. En concreto, el programa contempla un est\u00edmulo econ\u00f3mico de $8.500 mensuales, durante un a\u00f1o, para que 3.540 j\u00f3venes de distintos puntos de la provincia puedan vincularse y acceder a una amplia oferta acad\u00e9mica provista por el Ministerio de Educaci\u00f3n.<br \/>\nDicha oferta va desde terminalidad educativa en nivel secundario hasta la participaci\u00f3n en escuelas de formaci\u00f3n profesional y propuestas de capacitaci\u00f3n laboral para promover la inserci\u00f3n sociolabral de las juventudes. \u201cQueremos trabajar por una generaci\u00f3n de j\u00f3venes estudiantes y emprendedores con acompa\u00f1amiento del Estado\u201d, asegur\u00f3 Chiacchio Cavana.<br \/>\nLa subsecretaria de Juventudes y Diversidad Julieta Campos indic\u00f3 que entre 2021 y 2022 ya se implement\u00f3 el programa con gran \u00e9xito en la provincia y se apuntalaron en ese momento diversos emprendimientos productivos juveniles, que en esta nueva edici\u00f3n se pretende fortalecer. Adem\u00e1s, inform\u00f3 que la formaci\u00f3n que elijan los beneficiarios actuales, dentro de la oferta que facilitar\u00e1 Educaci\u00f3n, ir\u00e1 acompa\u00f1ada de m\u00f3dulos referidos a Derechos Humanos, Perspectiva de G\u00e9nero y Ambiente.<br \/>\n\u201cEn este encuentro presentamos el plan y dialogamos tambi\u00e9n con las juventudes sobre sus intereses, sus proyectos y sobre los proyectos y propuestas que esperan del gobierno para llevar adelante\u201d, coment\u00f3 la funcionaria. El encuentro se llev\u00f3 a cabo en las instalaciones de Radio Nacional; estuvo presente tambi\u00e9n su directora Silvia Villavicencio.<br \/>\n&lt;<a href=\"http:\/\/www.avg.com\/email-signature?utm_medium=email&amp;utm_source=link&amp;utm_campaign=sig-email&amp;utm_content=webmail\">www.avg.com\/email-signature?utm_medium=email&amp;utm_source=link&amp;utm_campaign=sig-email&amp;utm_content=webmail<\/a>&gt; Libre de virus.www.avg.com &lt;<a href=\"http:\/\/www.avg.com\/email-signature?utm_medium=email&amp;utm_source=link&amp;utm_campaign=sig-email&amp;utm_content=webmail\">www.avg.com\/email-signature?utm_medium=email&amp;utm_source=link&amp;utm_campaign=sig-email&amp;utm_content=webmail<\/a>&gt; <\/p>\n","protected":false},"excerpt":{"rendered":"<p>Est\u00e1 dirigido a j\u00f3venes de 18 a 29 a\u00f1os en situaci\u00f3n de vulnerabilidad, interesados en acceder a una amplia oferta acad\u00e9mica que va desde terminalidad educativa, escuelas de formaci\u00f3n profesional y propuestas de capacitaci\u00f3n laboral. Contemplar\u00e1 un est\u00edmulo econ\u00f3mico. La vicegobernadora Anal\u00eda Rach Quiroga y la ministra de Desarrollo Social, Mar\u00eda P\u00eda Chiacchio Cavana, participaron [&hellip;]<\/p>\n","protected":false},"author":1,"featured_media":24016,"comment_status":"closed","ping_status":"closed","sticky":false,"template":"","format":"standard","meta":{"footnotes":""},"categories":[6],"tags":[],"class_list":{"0":"post-24015","1":"post","2":"type-post","3":"status-publish","4":"format-standard","5":"has-post-thumbnail","7":"category-chaco"},"_links":{"self":[{"href":"https:\/\/chacosintesis.com.ar\/index.php\/wp-json\/wp\/v2\/posts\/24015","targetHints":{"allow":["GET"]}}],"collection":[{"href":"https:\/\/chacosintesis.com.ar\/index.php\/wp-json\/wp\/v2\/posts"}],"about":[{"href":"https:\/\/chacosintesis.com.ar\/index.php\/wp-json\/wp\/v2\/types\/post"}],"author":[{"embeddable":true,"href":"https:\/\/chacosintesis.com.ar\/index.php\/wp-json\/wp\/v2\/users\/1"}],"replies":[{"embeddable":true,"href":"https:\/\/chacosintesis.com.ar\/index.php\/wp-json\/wp\/v2\/comments?post=24015"}],"version-history":[{"count":0,"href":"https:\/\/chacosintesis.com.ar\/index.php\/wp-json\/wp\/v2\/posts\/24015\/revisions"}],"wp:featuredmedia":[{"embeddable":true,"href":"https:\/\/chacosintesis.com.ar\/index.php\/wp-json\/wp\/v2\/media\/24016"}],"wp:attachment":[{"href":"https:\/\/chacosintesis.com.ar\/index.php\/wp-json\/wp\/v2\/media?parent=24015"}],"wp:term":[{"taxonomy":"category","embeddable":true,"href":"https:\/\/chacosintesis.com.ar\/index.php\/wp-json\/wp\/v2\/categories?post=24015"},{"taxonomy":"post_tag","embeddable":true,"href":"https:\/\/chacosintesis.com.ar\/index.php\/wp-json\/wp\/v2\/tags?post=24015"}],"curies":[{"name":"wp","href":"https:\/\/api.w.org\/{rel}","templated":true}]}}