{"id":24007,"date":"2023-07-18T18:53:56","date_gmt":"2023-07-18T21:53:56","guid":{"rendered":"https:\/\/chacosintesis.com.ar\/?p=24007"},"modified":"2023-07-18T19:07:38","modified_gmt":"2023-07-18T22:07:38","slug":"otros-dos-detenidos-por-un-homicidio-a-tiros-a-la-salida-de-un-boliche-de-resistencia","status":"publish","type":"post","link":"https:\/\/chacosintesis.com.ar\/index.php\/otros-dos-detenidos-por-un-homicidio-a-tiros-a-la-salida-de-un-boliche-de-resistencia\/","title":{"rendered":"Otros dos detenidos por un homicidio a tiros a la salida de un boliche de Resistencia"},"content":{"rendered":"<p>Por el hecho ocurrido en la madrugada del domingo pasado ya son cuatro los apresados, informaron hoy fuentes judiciales.<br \/>\nDos sospechosos fueron detenidos en las \u00faltimas horas acusados de participar del homicidio de un joven de 28 a\u00f1os durante un tiroteo a la salida de un local bailable de Resistencia en la madrugada del domingo pasado, y por el hecho ya son cuatro los apresados, informaron hoy fuentes judiciales. Las detenciones se concretaron por orden de la fiscal Rosana Soto tras una serie de allanamientos en el marco de la investigaci\u00f3n por el delito de &#8220;homicidio agravado por el uso de arma de fuego&#8221;, en perjuicio de Jonathan Sotelo (28).<br \/>\nFuentes judiciales informaron a T\u00e9lam que en las \u00faltimas horas otros dos sospechosos fueron detenidos y en total son cuatro las personas involucradas en el tiroteo. Adem\u00e1s, un quinto implicado estaba siendo intensamente buscado esta tarde por la Polic\u00eda en la capital del Chaco.<br \/>\nEl hecho ocurri\u00f3 el domingo a la madrugada en la calle Frondizi al 2800 en el barrio Villa Facundo, ubicado al sureste de la capital provincial, luego de que tres j\u00f3venes salieron del boliche Mitre, en pleno centro de Resistencia. Tras tener una discusi\u00f3n con otro grupo abandonaron el local en un veh\u00edculo hasta que a unas 40 cuadras de distancia las v\u00edctimas fueron interceptadas por esas personas, quienes comenzaron a dispararles al auto en el que viajaban. Como consecuencia de la balacera, los tres ocupantes de dicho rodado fueron trasladados con heridas graves al Hospital Perrando.<br \/>\nSeg\u00fan las fuentes, uno de ellos, Sotelo, ingres\u00f3 al centro de salud con heridas en la &#8220;regi\u00f3n posterior del t\u00f3rax&#8221; y en su brazo derecho, y pasadas las 9.30 de la ma\u00f1ana del domingo falleci\u00f3. Por otro lado, uno de los heridos, de 19 a\u00f1os, qued\u00f3 internado en grave estado y qued\u00f3 ciego como consecuencia de las perdigonadas que sufri\u00f3 en el rostro.<br \/>\nEn tanto, otro joven de la misma edad fue atendido y dado de alta por el personal m\u00e9dico, a\u00f1adieron las fuentes. Personal policial secuestr\u00f3 en el lugar del ataque dos vainas servidas calibre 9 mil\u00edmetros y otras tres de .380. Tras el crimen, la fiscal Soto dispuso la aprehensi\u00f3n de los sospechosos y ya son cuatro detenidos en la causa.<br \/>\nFuente: T\u00e9lam<br \/>\n&lt;<a href=\"http:\/\/www.avg.com\/email-signature?utm_medium=email&amp;utm_source=link&amp;utm_campaign=sig-email&amp;utm_content=webmail\">www.avg.com\/email-signature?utm_medium=email&amp;utm_source=link&amp;utm_campaign=sig-email&amp;utm_content=webmail<\/a>&gt; Libre de virus.www.avg.com &lt;<a href=\"http:\/\/www.avg.com\/email-signature?utm_medium=email&amp;utm_source=link&amp;utm_campaign=sig-email&amp;utm_content=webmail\">www.avg.com\/email-signature?utm_medium=email&amp;utm_source=link&amp;utm_campaign=sig-email&amp;utm_content=webmail<\/a>&gt; <\/p>\n","protected":false},"excerpt":{"rendered":"<p>Por el hecho ocurrido en la madrugada del domingo pasado ya son cuatro los apresados, informaron hoy fuentes judiciales. Dos sospechosos fueron detenidos en las \u00faltimas horas acusados de participar del homicidio de un joven de 28 a\u00f1os durante un tiroteo a la salida de un local bailable de Resistencia en la madrugada del domingo [&hellip;]<\/p>\n","protected":false},"author":1,"featured_media":24008,"comment_status":"closed","ping_status":"closed","sticky":false,"template":"","format":"standard","meta":{"footnotes":""},"categories":[6],"tags":[],"class_list":{"0":"post-24007","1":"post","2":"type-post","3":"status-publish","4":"format-standard","5":"has-post-thumbnail","7":"category-chaco"},"_links":{"self":[{"href":"https:\/\/chacosintesis.com.ar\/index.php\/wp-json\/wp\/v2\/posts\/24007","targetHints":{"allow":["GET"]}}],"collection":[{"href":"https:\/\/chacosintesis.com.ar\/index.php\/wp-json\/wp\/v2\/posts"}],"about":[{"href":"https:\/\/chacosintesis.com.ar\/index.php\/wp-json\/wp\/v2\/types\/post"}],"author":[{"embeddable":true,"href":"https:\/\/chacosintesis.com.ar\/index.php\/wp-json\/wp\/v2\/users\/1"}],"replies":[{"embeddable":true,"href":"https:\/\/chacosintesis.com.ar\/index.php\/wp-json\/wp\/v2\/comments?post=24007"}],"version-history":[{"count":0,"href":"https:\/\/chacosintesis.com.ar\/index.php\/wp-json\/wp\/v2\/posts\/24007\/revisions"}],"wp:featuredmedia":[{"embeddable":true,"href":"https:\/\/chacosintesis.com.ar\/index.php\/wp-json\/wp\/v2\/media\/24008"}],"wp:attachment":[{"href":"https:\/\/chacosintesis.com.ar\/index.php\/wp-json\/wp\/v2\/media?parent=24007"}],"wp:term":[{"taxonomy":"category","embeddable":true,"href":"https:\/\/chacosintesis.com.ar\/index.php\/wp-json\/wp\/v2\/categories?post=24007"},{"taxonomy":"post_tag","embeddable":true,"href":"https:\/\/chacosintesis.com.ar\/index.php\/wp-json\/wp\/v2\/tags?post=24007"}],"curies":[{"name":"wp","href":"https:\/\/api.w.org\/{rel}","templated":true}]}}