{"id":24005,"date":"2023-07-18T18:51:45","date_gmt":"2023-07-18T21:51:45","guid":{"rendered":"https:\/\/chacosintesis.com.ar\/?p=24005"},"modified":"2023-07-18T19:07:37","modified_gmt":"2023-07-18T22:07:37","slug":"campo-del-cielo-recibe-al-campamento-formativo-de-cultura-y-ambiente-savia","status":"publish","type":"post","link":"https:\/\/chacosintesis.com.ar\/index.php\/campo-del-cielo-recibe-al-campamento-formativo-de-cultura-y-ambiente-savia\/","title":{"rendered":"Campo del Cielo recibe al campamento formativo de cultura y ambiente Savia"},"content":{"rendered":"<p>La segunda edici\u00f3n de esta propuesta tendr\u00e1 como escenario a la Reserva Natural Piguem N&#8217;Onaxa \u201cCampo del Cielo\u201d, en Gancedo, los d\u00edas 5 y 6 de agosto pr\u00f3ximo.<br \/>\nHasta el 23 de julio est\u00e1 abierta la convocatoria a participar de la segunda edici\u00f3n de Savia Campamento Formativo de Cultura y Ambiente, que se realizar\u00e1 en la Reserva Natural Piguem N&#8217;Onaxa \u201cCampo del Cielo\u201d los d\u00edas 5 y 6 de agosto.<br \/>\nSe trata de una propuesta del Centro Cultural Alternativo, del Instituto de Cultura del Chaco, junto a la Subsecretar\u00eda de Ambiente y Biodiversidad, el Programa de Formaci\u00f3n Integral Chaco Sostenible del Ministerio de Ambiente y Desarrollo Territorial Sostenible, y el acompa\u00f1amiento del Instituto de Turismo.<br \/>\nLa propuesta contar\u00e1 con diversas charlas y capacitaciones en el parque. La convocatoria est\u00e1 destinada a artistas, gestores culturales y ambientales que tengan un proyecto o idea que vincule tem\u00e1ticas de cultura y ambiente. Su inscripci\u00f3n para participar de la convocatoria se realiza en el formulario online: <a href=\"https:\/\/forms.gle\/svrKuPfvwFXP9RXZA\">forms.gle\/svrKuPfvwFXP9RXZA<\/a><\/p>\n<p>Formaci\u00f3n, reflexi\u00f3n y encuentro<\/p>\n<p>Savia es un campamento de formaci\u00f3n, reflexi\u00f3n y encuentro sobre la relaci\u00f3n entre lo cultural y el ambiente. Busca construir intercambios respecto a pr\u00e1cticas culturales y su v\u00ednculo con el ambiente desde una perspectiva del Buen Vivir, y poner en valor la voz de hacedores, artistas, gestores, especialistas que desde la cultura impulsan e implementan acciones en favor del ambiente, intercambiando miradas, herramientas y acciones concretas sobre qu\u00e9 podemos hacer desde el campo cultural por el ambiente.<br \/>\n&lt;<a href=\"http:\/\/www.avg.com\/email-signature?utm_medium=email&amp;utm_source=link&amp;utm_campaign=sig-email&amp;utm_content=webmail\">www.avg.com\/email-signature?utm_medium=email&amp;utm_source=link&amp;utm_campaign=sig-email&amp;utm_content=webmail<\/a>&gt; Libre de virus.www.avg.com &lt;<a href=\"http:\/\/www.avg.com\/email-signature?utm_medium=email&amp;utm_source=link&amp;utm_campaign=sig-email&amp;utm_content=webmail\">www.avg.com\/email-signature?utm_medium=email&amp;utm_source=link&amp;utm_campaign=sig-email&amp;utm_content=webmail<\/a>&gt; <\/p>\n","protected":false},"excerpt":{"rendered":"<p>La segunda edici\u00f3n de esta propuesta tendr\u00e1 como escenario a la Reserva Natural Piguem N&#8217;Onaxa \u201cCampo del Cielo\u201d, en Gancedo, los d\u00edas 5 y 6 de agosto pr\u00f3ximo. Hasta el 23 de julio est\u00e1 abierta la convocatoria a participar de la segunda edici\u00f3n de Savia Campamento Formativo de Cultura y Ambiente, que se realizar\u00e1 en [&hellip;]<\/p>\n","protected":false},"author":1,"featured_media":24006,"comment_status":"closed","ping_status":"closed","sticky":false,"template":"","format":"standard","meta":{"footnotes":""},"categories":[6],"tags":[],"class_list":{"0":"post-24005","1":"post","2":"type-post","3":"status-publish","4":"format-standard","5":"has-post-thumbnail","7":"category-chaco"},"_links":{"self":[{"href":"https:\/\/chacosintesis.com.ar\/index.php\/wp-json\/wp\/v2\/posts\/24005","targetHints":{"allow":["GET"]}}],"collection":[{"href":"https:\/\/chacosintesis.com.ar\/index.php\/wp-json\/wp\/v2\/posts"}],"about":[{"href":"https:\/\/chacosintesis.com.ar\/index.php\/wp-json\/wp\/v2\/types\/post"}],"author":[{"embeddable":true,"href":"https:\/\/chacosintesis.com.ar\/index.php\/wp-json\/wp\/v2\/users\/1"}],"replies":[{"embeddable":true,"href":"https:\/\/chacosintesis.com.ar\/index.php\/wp-json\/wp\/v2\/comments?post=24005"}],"version-history":[{"count":0,"href":"https:\/\/chacosintesis.com.ar\/index.php\/wp-json\/wp\/v2\/posts\/24005\/revisions"}],"wp:featuredmedia":[{"embeddable":true,"href":"https:\/\/chacosintesis.com.ar\/index.php\/wp-json\/wp\/v2\/media\/24006"}],"wp:attachment":[{"href":"https:\/\/chacosintesis.com.ar\/index.php\/wp-json\/wp\/v2\/media?parent=24005"}],"wp:term":[{"taxonomy":"category","embeddable":true,"href":"https:\/\/chacosintesis.com.ar\/index.php\/wp-json\/wp\/v2\/categories?post=24005"},{"taxonomy":"post_tag","embeddable":true,"href":"https:\/\/chacosintesis.com.ar\/index.php\/wp-json\/wp\/v2\/tags?post=24005"}],"curies":[{"name":"wp","href":"https:\/\/api.w.org\/{rel}","templated":true}]}}