{"id":23981,"date":"2023-07-18T18:29:06","date_gmt":"2023-07-18T21:29:06","guid":{"rendered":"https:\/\/chacosintesis.com.ar\/?p=23981"},"modified":"2023-07-18T18:36:41","modified_gmt":"2023-07-18T21:36:41","slug":"docentes-destacaron-que-el-cumplimiento-de-la-clausula-gatillo-es-una-tranquilidad-para-trabajadores-y-padres","status":"publish","type":"post","link":"https:\/\/chacosintesis.com.ar\/index.php\/docentes-destacaron-que-el-cumplimiento-de-la-clausula-gatillo-es-una-tranquilidad-para-trabajadores-y-padres\/","title":{"rendered":"Docentes destacaron que el cumplimiento de la cl\u00e1usula gatillo es \u201cuna tranquilidad para trabajadores y padres\u201d"},"content":{"rendered":"<p>El Gobierno Provincial otorgar\u00e1 un 14% de aumento al valor del punto durante julio en marco del consenso con los gremios, lo que representa un incremento del 29% durante el \u00faltimo trimestre para el sector docente de todo el Chaco.<br \/>\nDifundidos los \u00faltimos \u00edndices de inflaci\u00f3n a manos del Indec, el gobernador Jorge Capitanich anunci\u00f3 este lunes el cumplimiento de pago de la cl\u00e1usula gatillo para todos los trabajadores docentes, lo que representa un incremento de 14% al valor del punto durante el mes de julio, que en total durante el \u00faltimo trimestre alcanza un 29%, superando por 5% la inflaci\u00f3n medida para el Nea en ese mismo lapso de tiempo.<br \/>\nSobre estos anuncios habl\u00f3 el secretario general del gremio UTRE-CTERA, Carlos Cuevas, quien destac\u00f3 que el incremento otorgado \u201ces una cifra importante\u201d, y asegur\u00f3 que desde su espacio \u201cvaloramos el cumplimiento\u201d. \u201cSiempre honramos la palabra y cuando el Estado cumple en tiempo y forma es una tranquilidad para los trabajadores y los padres en lo que es la continuidad pedag\u00f3gica\u201d, expres\u00f3 en Radio Provincia del Chaco.<br \/>\nEn ese sentido, record\u00f3 que \u201ca veces hay Estado que no cumple y se generan los conflictos, se rompen los acuerdos, se rompe el di\u00e1logo, y eso no nos gusta a nadie\u201d, y remarc\u00f3 que por eso \u201cnos parece important\u00edsimo un acuerdo que se respete, que se firma y que se da con tranquilidad todo el a\u00f1o\u201d. Adem\u00e1s, contrast\u00f3 que \u201cno todas las provincias tienen cl\u00e1usula gatillo autom\u00e1tica, si tienen cl\u00e1usula de revisi\u00f3n, y tienen que volver a llamar a la mesa a discutir nuevamente\u201d.<br \/>\nPerspectiva pol\u00edtica<br \/>\nDe cara al a\u00f1o electoral, Cuevas remarc\u00f3 que hasta ahora no tuvieron comunicaci\u00f3n con ning\u00fan candidato provincial y apunt\u00f3 que \u201cen la oposici\u00f3n hacen enunciados fara\u00f3nicos pero nunca c\u00f3mo lo van a hacer\u201d, y agreg\u00f3 que \u201cplantean muchos deseos, pero la plata en educaci\u00f3n no se fabrica, se saca de alg\u00fan lugar, y hablan que tenemos que tener mejores salarios, lo cual es verdad, pero no dicen c\u00f3mo lo van a hacer\u201d. \u201cUno no cree m\u00e1s en los reyes magos, entonces hay que decir concretamente: Vamos a hacer una Ley que va a sacar los fondos de tal, tal y tal para que la educaci\u00f3n vuelva a ser un lugar donde se sientan todos muy c\u00f3modos\u201d, reclam\u00f3.<br \/>\nAdem\u00e1s, apunt\u00f3 que desde los espacios opositores \u201cno hay un programa de nada\u201d, y sostuvo que eso \u201cnos preocupa\u201d. \u201cTodo son quejas, tiros al aire, pero no dicen cu\u00e1l es el programa del Gobierno, tanto provincial como nacional. Todav\u00eda no tenemos idea de cu\u00e1l es el proyecto de pa\u00eds, si nos imaginamos por lo que hacen, no por lo que dicen, estamos atentos a eso\u201d, indic\u00f3.<br \/>\nEn este contexto, el l\u00edder gremial explic\u00f3 que a nivel nacional \u201cvenimos de muy atr\u00e1s, porque en los cuatro a\u00f1os de macrismo no tuvimos paritarias, y eso hizo que de alguna manera se desajuste todos los salarios\u201d, y se\u00f1al\u00f3 que \u201clas paritarias nacionales hacen que se unifique y se vayan emparejando las provincias, pero no tuvimos y eso hizo que se desmadre y la educaci\u00f3n se fue tirando por la borda\u201d. \u201cEso no fue un proyecto del pa\u00eds, fue un proyecto a la deriva de cada una de las provincias\u201d, concluy\u00f3.<\/p>\n<p>&lt;<a href=\"http:\/\/www.avg.com\/email-signature?utm_medium=email&amp;utm_source=link&amp;utm_campaign=sig-email&amp;utm_content=webmail\">www.avg.com\/email-signature?utm_medium=email&amp;utm_source=link&amp;utm_campaign=sig-email&amp;utm_content=webmail<\/a>&gt; Libre de virus.www.avg.com &lt;<a href=\"http:\/\/www.avg.com\/email-signature?utm_medium=email&amp;utm_source=link&amp;utm_campaign=sig-email&amp;utm_content=webmail\">www.avg.com\/email-signature?utm_medium=email&amp;utm_source=link&amp;utm_campaign=sig-email&amp;utm_content=webmail<\/a>&gt; <\/p>\n","protected":false},"excerpt":{"rendered":"<p>El Gobierno Provincial otorgar\u00e1 un 14% de aumento al valor del punto durante julio en marco del consenso con los gremios, lo que representa un incremento del 29% durante el \u00faltimo trimestre para el sector docente de todo el Chaco. Difundidos los \u00faltimos \u00edndices de inflaci\u00f3n a manos del Indec, el gobernador Jorge Capitanich anunci\u00f3 [&hellip;]<\/p>\n","protected":false},"author":1,"featured_media":23982,"comment_status":"closed","ping_status":"closed","sticky":false,"template":"","format":"standard","meta":{"footnotes":""},"categories":[6],"tags":[],"class_list":{"0":"post-23981","1":"post","2":"type-post","3":"status-publish","4":"format-standard","5":"has-post-thumbnail","7":"category-chaco"},"_links":{"self":[{"href":"https:\/\/chacosintesis.com.ar\/index.php\/wp-json\/wp\/v2\/posts\/23981","targetHints":{"allow":["GET"]}}],"collection":[{"href":"https:\/\/chacosintesis.com.ar\/index.php\/wp-json\/wp\/v2\/posts"}],"about":[{"href":"https:\/\/chacosintesis.com.ar\/index.php\/wp-json\/wp\/v2\/types\/post"}],"author":[{"embeddable":true,"href":"https:\/\/chacosintesis.com.ar\/index.php\/wp-json\/wp\/v2\/users\/1"}],"replies":[{"embeddable":true,"href":"https:\/\/chacosintesis.com.ar\/index.php\/wp-json\/wp\/v2\/comments?post=23981"}],"version-history":[{"count":0,"href":"https:\/\/chacosintesis.com.ar\/index.php\/wp-json\/wp\/v2\/posts\/23981\/revisions"}],"wp:featuredmedia":[{"embeddable":true,"href":"https:\/\/chacosintesis.com.ar\/index.php\/wp-json\/wp\/v2\/media\/23982"}],"wp:attachment":[{"href":"https:\/\/chacosintesis.com.ar\/index.php\/wp-json\/wp\/v2\/media?parent=23981"}],"wp:term":[{"taxonomy":"category","embeddable":true,"href":"https:\/\/chacosintesis.com.ar\/index.php\/wp-json\/wp\/v2\/categories?post=23981"},{"taxonomy":"post_tag","embeddable":true,"href":"https:\/\/chacosintesis.com.ar\/index.php\/wp-json\/wp\/v2\/tags?post=23981"}],"curies":[{"name":"wp","href":"https:\/\/api.w.org\/{rel}","templated":true}]}}