{"id":23979,"date":"2023-07-18T18:26:08","date_gmt":"2023-07-18T21:26:08","guid":{"rendered":"https:\/\/chacosintesis.com.ar\/?p=23979"},"modified":"2023-07-18T18:36:41","modified_gmt":"2023-07-18T21:36:41","slug":"si-no-tuvieramos-un-gobernador-como-capitanich-seria-imposible-mejorar-la-vida-de-las-y-los-chaquenos","status":"publish","type":"post","link":"https:\/\/chacosintesis.com.ar\/index.php\/si-no-tuvieramos-un-gobernador-como-capitanich-seria-imposible-mejorar-la-vida-de-las-y-los-chaquenos\/","title":{"rendered":"\u201cSi no tuvi\u00e9ramos un gobernador como Capitanich ser\u00eda imposible mejorar la vida de las y los chaque\u00f1os\u201d"},"content":{"rendered":"<p>Compartir Twittear Correo electr\u00f3nico Compartir<br \/>\nEl gobernador Jorge Capitanich y el intendente de Margarita Bel\u00e9n, Javier Mart\u00ednez, habilitaron este martes ocho cuadras de pavimento y las obras de refacci\u00f3n y ampliaci\u00f3n de la Comisar\u00eda de la localidad. Adem\u00e1s, entregaron equipos de videovigilancia, uniformes y chalecos antibalas a las y los trabajadores policiales.<br \/>\nEl jefe comunal de la localidad, destac\u00f3 el acompa\u00f1amiento del gobernador a la localidad que, desde este martes, tiene nuevo pavimento urbano y una comisar\u00eda refaccionada a nueva. \u201cLas y los intendentes chaque\u00f1os trabajamos mucho en la gesti\u00f3n de obras para el pueblo, pero si no tuvi\u00e9ramos un gobernador como Capitanich que nos escucha y nos da soluciones ser\u00eda imposible mejorar la vida de las y los chaque\u00f1os\u201d, enfatiz\u00f3 Javier Mart\u00ednez.<br \/>\n\u201cEstamos mostrando de una forma clara y contundente el inmenso trabajo que realizamos en Chaco, solo en estos \u00faltimos meses estamos habilitando m\u00e1s de 250 obras de gran impacto social para el pueblo chaque\u00f1o\u201d, asegur\u00f3 el gobernador, que estuvo acompa\u00f1ado por el ministro de Planificaci\u00f3n, Econom\u00eda e Infraestructura (MPEI), Santiago P\u00e9rez Pons.<br \/>\nDurante su visita, Capitanich recorri\u00f3 junto al ministro de Industria, Producci\u00f3n y Empleo, Sebasti\u00e1n Lifton, las instalaciones del Mercado Frutihort\u00edcola donde productoras y productores de la localidad comercializar\u00e1n sus verduras, frutas, hortalizas, l\u00e1cteos, huevos, que llegar\u00e1n a las mesas de las familias a un precio accesible. Tambi\u00e9n visitaron la obra del centro de acopio de frutillas de la cooperativa Desaf\u00edos Productivos que, en una primera etapa, estar\u00e1 finalizada en tres meses. \u201cChaco se posiciona estrat\u00e9gicamente en la producci\u00f3n de frutillas a nivel nacional\u201d, asever\u00f3 Lifton, que puso en valor el crecimiento que tuvo en la localidad la plantaci\u00f3n de frutillas: de 0,3 hect\u00e1reas sembradas pas\u00f3 a 12, lo que implica a un total de 120 productores con 600.000 plantines.<br \/>\nPor \u00faltimo, visitaron el parque industrial donde dialogaron con Cristian Ojeda, propietario de la carpinter\u00eda Don Chango, a quien inform\u00f3 sobre l\u00edneas activas de financiamiento para la adquisici\u00f3n de maquinarias que le permitir\u00e1n expandir sus instalaciones y generar m\u00e1s puestos de trabajo.<br \/>\n&lt;<a href=\"http:\/\/www.avg.com\/email-signature?utm_medium=email&amp;utm_source=link&amp;utm_campaign=sig-email&amp;utm_content=webmail\">www.avg.com\/email-signature?utm_medium=email&amp;utm_source=link&amp;utm_campaign=sig-email&amp;utm_content=webmail<\/a>&gt; Libre de virus.www.avg.com &lt;<a href=\"http:\/\/www.avg.com\/email-signature?utm_medium=email&amp;utm_source=link&amp;utm_campaign=sig-email&amp;utm_content=webmail\">www.avg.com\/email-signature?utm_medium=email&amp;utm_source=link&amp;utm_campaign=sig-email&amp;utm_content=webmail<\/a>&gt; <\/p>\n","protected":false},"excerpt":{"rendered":"<p>Compartir Twittear Correo electr\u00f3nico Compartir El gobernador Jorge Capitanich y el intendente de Margarita Bel\u00e9n, Javier Mart\u00ednez, habilitaron este martes ocho cuadras de pavimento y las obras de refacci\u00f3n y ampliaci\u00f3n de la Comisar\u00eda de la localidad. Adem\u00e1s, entregaron equipos de videovigilancia, uniformes y chalecos antibalas a las y los trabajadores policiales. El jefe comunal [&hellip;]<\/p>\n","protected":false},"author":1,"featured_media":23980,"comment_status":"closed","ping_status":"closed","sticky":false,"template":"","format":"standard","meta":{"footnotes":""},"categories":[6],"tags":[],"class_list":{"0":"post-23979","1":"post","2":"type-post","3":"status-publish","4":"format-standard","5":"has-post-thumbnail","7":"category-chaco"},"_links":{"self":[{"href":"https:\/\/chacosintesis.com.ar\/index.php\/wp-json\/wp\/v2\/posts\/23979","targetHints":{"allow":["GET"]}}],"collection":[{"href":"https:\/\/chacosintesis.com.ar\/index.php\/wp-json\/wp\/v2\/posts"}],"about":[{"href":"https:\/\/chacosintesis.com.ar\/index.php\/wp-json\/wp\/v2\/types\/post"}],"author":[{"embeddable":true,"href":"https:\/\/chacosintesis.com.ar\/index.php\/wp-json\/wp\/v2\/users\/1"}],"replies":[{"embeddable":true,"href":"https:\/\/chacosintesis.com.ar\/index.php\/wp-json\/wp\/v2\/comments?post=23979"}],"version-history":[{"count":0,"href":"https:\/\/chacosintesis.com.ar\/index.php\/wp-json\/wp\/v2\/posts\/23979\/revisions"}],"wp:featuredmedia":[{"embeddable":true,"href":"https:\/\/chacosintesis.com.ar\/index.php\/wp-json\/wp\/v2\/media\/23980"}],"wp:attachment":[{"href":"https:\/\/chacosintesis.com.ar\/index.php\/wp-json\/wp\/v2\/media?parent=23979"}],"wp:term":[{"taxonomy":"category","embeddable":true,"href":"https:\/\/chacosintesis.com.ar\/index.php\/wp-json\/wp\/v2\/categories?post=23979"},{"taxonomy":"post_tag","embeddable":true,"href":"https:\/\/chacosintesis.com.ar\/index.php\/wp-json\/wp\/v2\/tags?post=23979"}],"curies":[{"name":"wp","href":"https:\/\/api.w.org\/{rel}","templated":true}]}}