{"id":23977,"date":"2023-07-18T18:24:09","date_gmt":"2023-07-18T21:24:09","guid":{"rendered":"https:\/\/chacosintesis.com.ar\/?p=23977"},"modified":"2023-07-18T18:36:40","modified_gmt":"2023-07-18T21:36:40","slug":"final-provincial-de-los-juegos-evita-comienza-la-ultima-instancia-en-gran-resistencia","status":"publish","type":"post","link":"https:\/\/chacosintesis.com.ar\/index.php\/final-provincial-de-los-juegos-evita-comienza-la-ultima-instancia-en-gran-resistencia\/","title":{"rendered":"Final Provincial de los Juegos Evita: comienza la \u00faltima instancia en Gran Resistencia"},"content":{"rendered":"<p>Despu\u00e9s de 10 instancias zonales y 69 locales, en las que participaron m\u00e1s de 70 mil competidores, este s\u00e1bado 22 y el 29, comenzar\u00e1n a disputarse las \u00faltimas competencias antes de los nacionales.<br \/>\nEste fin de semana, se realiz\u00f3 en la localidad de Presidencia de la Plaza el \u00faltimo zonal de los Juegos Evita para galardonar a los competidores que obtuvieron su pase a la final provincial. La \u00faltima instancia se realizar\u00e1 en el Gran Resistencia el s\u00e1bado 22 y el s\u00e1bado 29 de Julio.<br \/>\n\u201cVivimos 10 zonales y 69 instancias locales de competencia a lo largo y ancho de la provincia. Todos los municipios participaron en todas las competencias, nos propusimos federalizar el deporte, que todos los pibes y pibas accedan a este derecho y hoy podemos afirmar que tuvimos m\u00e1s de 70 mil competidores que dejaron todo en sus deportes para representar a su ciudad\u201d, se\u00f1al\u00f3 el presidente del Instituto del Deporte Chaque\u00f1o, Osvaldo P\u00e9rez Cuevas.<br \/>\nLas instancias zonales se realizaron de manera coordinada con los municipios, quienes facilitaron los espacios deportivos para las competencias. \u201cNada de lo realizado hubiese sido posible sin el acompa\u00f1amiento de los intendentes, de los trabajadores y de las trabajadoras del Instituto del Deporte y tambi\u00e9n de los secretarios y directores de deportes municipales&#8221;, consider\u00f3 P\u00e9rez Cuevas.<br \/>\n&#8220;Entre todos y todas fortalecemos el deporte y gracias a esta interacci\u00f3n en las finales provinciales vamos a contar con m\u00e1s de 5 mil competidores para vivir una verdadera fiesta\u201d, enfatiz\u00f3 el funcionario en referencia a lo que ser\u00e1 la antesala a la instancia nacional en Mar del Plata, en la que como cada a\u00f1o Chaco va a decir presente con competidores de gran nivel preparados para cumplir su sue\u00f1o y dejar a la provincia en lo m\u00e1s alto.<br \/>\nUrbanos y personas mayores<br \/>\nLas competencias m\u00e1s importantes de desarrollo deportivo tambi\u00e9n incluyen nuevos deportes y fundamentalmente brindan un espacio muy importante a los y las adultos mayores. \u201cDurante el mes de julio y agosto tambi\u00e9n tendremos las instancias zonales y finales de los juegos Evita Urbano y Evita Adultos Mayores, los y las finalistas de estas competencias viajar\u00e1n a Tecnopolis y a Termas del R\u00edo Hondo respectivamente\u201d, indicaron los organizadores.<br \/>\n&lt;<a href=\"http:\/\/www.avg.com\/email-signature?utm_medium=email&amp;utm_source=link&amp;utm_campaign=sig-email&amp;utm_content=webmail\">www.avg.com\/email-signature?utm_medium=email&amp;utm_source=link&amp;utm_campaign=sig-email&amp;utm_content=webmail<\/a>&gt; Libre de virus.www.avg.com &lt;<a href=\"http:\/\/www.avg.com\/email-signature?utm_medium=email&amp;utm_source=link&amp;utm_campaign=sig-email&amp;utm_content=webmail\">www.avg.com\/email-signature?utm_medium=email&amp;utm_source=link&amp;utm_campaign=sig-email&amp;utm_content=webmail<\/a>&gt; <\/p>\n","protected":false},"excerpt":{"rendered":"<p>Despu\u00e9s de 10 instancias zonales y 69 locales, en las que participaron m\u00e1s de 70 mil competidores, este s\u00e1bado 22 y el 29, comenzar\u00e1n a disputarse las \u00faltimas competencias antes de los nacionales. Este fin de semana, se realiz\u00f3 en la localidad de Presidencia de la Plaza el \u00faltimo zonal de los Juegos Evita para [&hellip;]<\/p>\n","protected":false},"author":1,"featured_media":23978,"comment_status":"closed","ping_status":"closed","sticky":false,"template":"","format":"standard","meta":{"footnotes":""},"categories":[6],"tags":[],"class_list":{"0":"post-23977","1":"post","2":"type-post","3":"status-publish","4":"format-standard","5":"has-post-thumbnail","7":"category-chaco"},"_links":{"self":[{"href":"https:\/\/chacosintesis.com.ar\/index.php\/wp-json\/wp\/v2\/posts\/23977","targetHints":{"allow":["GET"]}}],"collection":[{"href":"https:\/\/chacosintesis.com.ar\/index.php\/wp-json\/wp\/v2\/posts"}],"about":[{"href":"https:\/\/chacosintesis.com.ar\/index.php\/wp-json\/wp\/v2\/types\/post"}],"author":[{"embeddable":true,"href":"https:\/\/chacosintesis.com.ar\/index.php\/wp-json\/wp\/v2\/users\/1"}],"replies":[{"embeddable":true,"href":"https:\/\/chacosintesis.com.ar\/index.php\/wp-json\/wp\/v2\/comments?post=23977"}],"version-history":[{"count":0,"href":"https:\/\/chacosintesis.com.ar\/index.php\/wp-json\/wp\/v2\/posts\/23977\/revisions"}],"wp:featuredmedia":[{"embeddable":true,"href":"https:\/\/chacosintesis.com.ar\/index.php\/wp-json\/wp\/v2\/media\/23978"}],"wp:attachment":[{"href":"https:\/\/chacosintesis.com.ar\/index.php\/wp-json\/wp\/v2\/media?parent=23977"}],"wp:term":[{"taxonomy":"category","embeddable":true,"href":"https:\/\/chacosintesis.com.ar\/index.php\/wp-json\/wp\/v2\/categories?post=23977"},{"taxonomy":"post_tag","embeddable":true,"href":"https:\/\/chacosintesis.com.ar\/index.php\/wp-json\/wp\/v2\/tags?post=23977"}],"curies":[{"name":"wp","href":"https:\/\/api.w.org\/{rel}","templated":true}]}}