{"id":23958,"date":"2023-07-18T12:09:51","date_gmt":"2023-07-18T15:09:51","guid":{"rendered":"https:\/\/chacosintesis.com.ar\/?p=23958"},"modified":"2023-07-18T13:00:44","modified_gmt":"2023-07-18T16:00:44","slug":"zdero-en-puerto-bermejo-y-en-vediala-campana-del-miedo-no-frenara-el-cambio","status":"publish","type":"post","link":"https:\/\/chacosintesis.com.ar\/index.php\/zdero-en-puerto-bermejo-y-en-vediala-campana-del-miedo-no-frenara-el-cambio\/","title":{"rendered":"Zdero en Puerto Bermejo y en Vedia:&#8221;La campa\u00f1a del miedo no frenar\u00e1 el cambio&#8221;"},"content":{"rendered":"<p>Leandro Zdero, candidato a gobernador de Juntos por el Cambio mantuvo una reuni\u00f3n con diversos sectores y vecinos de Puerto Bermejo y Gral. Vedia, este lunes por la tarde. \u201cLas PASO pasaron, ahora estamos en el camino del trabajo conjunto con nuestros candidatos elegidos por la gente. Hace a\u00f1os iniciamos este camino de estar casa por casa, en cada campo y en cada localidad para que los chaque\u00f1os visualicen nuestra propuesta de cambio. Tenemos un Plan de gobierno para el Chaco que se viene y estoy convencido que la campa\u00f1a del miedo o de persecuci\u00f3n que padecen hoy muchos trabajadores, no va a frenar el cambio porque todos anhelamos un presente mejor y una provincia con igualdad de oportunidades\u201d- indic\u00f3.<br \/>\nZdero acompa\u00f1\u00f3 en una caminata a los candidatos en ambas localidades, a Adri\u00e1n Escobar de Puerto Bermejo y a Emmanuel Marastoni de General Vedia para tomar contacto con las demandas de la zona. \u201cNosotros tenemos un proyecto, un norte y muchas propuestas. Haremos las cosas de otro modo, con transparencia, y sin mentiras, fortaleciendo nuestra alianza con la gente; cambiaremos la pol\u00edtica y no solo la provincia. Le devolveremos a los chaque\u00f1os la dignidad, con trabajo y esfuerzo, no con palabrerios. Por eso, pedimos la oportunidad de gobernar para cambiar este presente\u201d<br \/>\nEL DESAF\u00cdO ES GRANDE, PERO SEGUIMOS CONSOLIDANDO NUESTRA ALIANZA CON LA GENTE<br \/>\nPor \u00faltimo, Zdero remarc\u00f3: \u201cVamos a administrar bien los recursos, poniendo orden, fortaleciendo el sistema de salud, jerarquizando la educaci\u00f3n; logrando empresas p\u00fablicas eficientes, apoyando a nuestros comerciantes y productores en el campo; a los emprendedores, y generando oportunidades de trabajo para los chaque\u00f1os. Tenemos un trabajo tit\u00e1nico, pero no me asusta, ni me cansa, porque estoy en contacto con la gente y conozco nuestra realidad. Queremos ampliar esa confianza que nos brindaron los chaque\u00f1os y no vamos a bajar los brazos hasta lograrlo, a lo largo y a lo ancho de la provincia\u201d<\/p>\n","protected":false},"excerpt":{"rendered":"<p>Leandro Zdero, candidato a gobernador de Juntos por el Cambio mantuvo una reuni\u00f3n con diversos sectores y vecinos de Puerto Bermejo y Gral. Vedia, este lunes por la tarde. \u201cLas PASO pasaron, ahora estamos en el camino del trabajo conjunto con nuestros candidatos elegidos por la gente. Hace a\u00f1os iniciamos este camino de estar casa [&hellip;]<\/p>\n","protected":false},"author":1,"featured_media":23963,"comment_status":"closed","ping_status":"closed","sticky":false,"template":"","format":"standard","meta":{"footnotes":""},"categories":[6],"tags":[],"class_list":{"0":"post-23958","1":"post","2":"type-post","3":"status-publish","4":"format-standard","5":"has-post-thumbnail","7":"category-chaco"},"_links":{"self":[{"href":"https:\/\/chacosintesis.com.ar\/index.php\/wp-json\/wp\/v2\/posts\/23958","targetHints":{"allow":["GET"]}}],"collection":[{"href":"https:\/\/chacosintesis.com.ar\/index.php\/wp-json\/wp\/v2\/posts"}],"about":[{"href":"https:\/\/chacosintesis.com.ar\/index.php\/wp-json\/wp\/v2\/types\/post"}],"author":[{"embeddable":true,"href":"https:\/\/chacosintesis.com.ar\/index.php\/wp-json\/wp\/v2\/users\/1"}],"replies":[{"embeddable":true,"href":"https:\/\/chacosintesis.com.ar\/index.php\/wp-json\/wp\/v2\/comments?post=23958"}],"version-history":[{"count":0,"href":"https:\/\/chacosintesis.com.ar\/index.php\/wp-json\/wp\/v2\/posts\/23958\/revisions"}],"wp:featuredmedia":[{"embeddable":true,"href":"https:\/\/chacosintesis.com.ar\/index.php\/wp-json\/wp\/v2\/media\/23963"}],"wp:attachment":[{"href":"https:\/\/chacosintesis.com.ar\/index.php\/wp-json\/wp\/v2\/media?parent=23958"}],"wp:term":[{"taxonomy":"category","embeddable":true,"href":"https:\/\/chacosintesis.com.ar\/index.php\/wp-json\/wp\/v2\/categories?post=23958"},{"taxonomy":"post_tag","embeddable":true,"href":"https:\/\/chacosintesis.com.ar\/index.php\/wp-json\/wp\/v2\/tags?post=23958"}],"curies":[{"name":"wp","href":"https:\/\/api.w.org\/{rel}","templated":true}]}}