{"id":23940,"date":"2023-07-17T18:12:29","date_gmt":"2023-07-17T21:12:29","guid":{"rendered":"https:\/\/chacosintesis.com.ar\/?p=23940"},"modified":"2023-07-17T18:36:41","modified_gmt":"2023-07-17T21:36:41","slug":"27-28-y-29-de-julio-llega-al-chaco-virtuality-festival-el-evento-de-tecnologia-mas-grande-de-america-latina","status":"publish","type":"post","link":"https:\/\/chacosintesis.com.ar\/index.php\/27-28-y-29-de-julio-llega-al-chaco-virtuality-festival-el-evento-de-tecnologia-mas-grande-de-america-latina\/","title":{"rendered":"27, 28 y 29 de Julio llega al Chaco Virtuality Festival, el evento de tecnolog\u00eda m\u00e1s grande de Am\u00e9rica Latina"},"content":{"rendered":"<p>\u201cPara entender la nueva realidad primero hay que vivirla\u201d, es la propuesta del evento que tendr\u00e1 lugar en el Centro de Convenciones Gala, con la organizaci\u00f3n de ECOM Chaco y del gobierno provincial. Habr\u00e1 m\u00e1s de 40 expositores, y expertos de las principales empresas del sector.<br \/>\nVirtuality, la expo de tecnolog\u00eda m\u00e1s ic\u00f3nica de Europa, llega a Resistencia de la mano de ECOM Chaco y el Gobierno de la Provincia de Chaco. Los d\u00edas 27, 28 y 29 de julio, en el Centro de Convenciones Gala de Resistencia, estar\u00e1n disponibles con entrada libre y gratuita una gran variedad de experiencias inmersivas y charlas inspiradoras sobre el mercado VR\/AR, metaverso, mundos virtuales y el universo blockchain.<br \/>\nVirtuality nace en Par\u00eds en el a\u00f1o 2017 como la primera Feria de Tecnolog\u00edas Inmersivas de Europa. Esta novedosa iniciativa, desarrollada por su fundador Julien Brun, ten\u00eda como objetivo dar visibilidad a profesionales relacionados con los sectores de la realidad virtual, la realidad aumentada, la realidad mixta y los hologramas. Por aquel entonces, este tipo de tecnolog\u00edas ya comenzaban a posicionarse como una gran herramienta para transformar el mundo.<br \/>\nLuego de su edici\u00f3n en Buenos Aires, la quinta en el pa\u00eds, Virtuality Festival llega a la ciudad de Resistencia de la mano de ECOM Chaco y el Gobierno de la Provincia de Chaco, para divulgar y democratizar el acceso a las nuevas tecnolog\u00edas que en distintos \u00e1mbitos transforman el d\u00eda a d\u00eda de todas las personas.<br \/>\n\u201cEl a\u00f1o pasado fue la revoluci\u00f3n del metaverso y los mundos virtuales, este a\u00f1o se suma la gran novedad de la Inteligencia Artificial. Todo esto nos obliga a, pr\u00e1cticamente, repensar nuestra existencia. Desde Virtuality queremos que siga avanzando, pero siempre con consciencia y responsabilidad\u201d, afirma Brun.<\/p>\n<p>M\u00e1s de 40 expositores<\/p>\n<p>La premisa es: para entender la nueva realidad, \u00a1primero hay que vivirla! Los visitantes de Virtuality podr\u00e1n vivir durante tres d\u00edas una experiencia \u00fanica y sumergirse en la nueva realidad en la mayor exposici\u00f3n de tecnolog\u00edas inmersivas de la regi\u00f3n.<br \/>\nEn esta oportunidad habr\u00e1 m\u00e1s de 40 expositores, \u00e1rea de E-Sports y Gaming y espacio para ni\u00f1os. Adem\u00e1s, la participaci\u00f3n de distintos oradores en el \u00e1mbito de tecnolog\u00edas inmersivas, metaversos, blockchain y Web 3.0, junto a expertos de grandes empresas como Globant y Microsoft, reunidos para ofrecer una experiencia \u00fanica que integra nuevas tecnolog\u00edas, arte, cultura, gastronom\u00eda, entretenimiento y educaci\u00f3n.<br \/>\n\u201cEl evento va a contar con m\u00e1s de 50 cascos de realidad virtual Oculus Quest 2, los cascos de \u00faltima generaci\u00f3n que se pueden conseguir en el mercado, un r\u00e9cord que nos pone muy orgullosos, y que demuestra que estamos a la altura de las mejores expos de tecnolog\u00eda del mundo\u201d, se\u00f1ala Claudio Dicmonas, organizador de Virtuality Festival.<\/p>\n<p>Residencia XR Chaco 2023<\/p>\n<p>En tanto, del 11 al 29 de julio se realizar\u00e1 tambi\u00e9n en Resistencia la Residencia XR Chaco 2023 de Periodismo Inmersivo y Nuevas Tecnolog\u00edas, organizada por ECOM Chaco, Virtuality LATAM y el Gobierno del Chaco. Los becados recibir\u00e1n una cursada intensiva con expertos (una semana virtual y dos semanas presencial), equipo inform\u00e1tico y de inmersi\u00f3n, apoyo de los equipos de ECOM y Virtuality y la posibilidad de desarrollar y estrenar un prototipo sobre periodismo inmersivo al final de la cursada que adem\u00e1s ser\u00e1n presentados en la feria.<\/p>\n<p>&lt;<a href=\"http:\/\/www.avg.com\/email-signature?utm_medium=email&amp;utm_source=link&amp;utm_campaign=sig-email&amp;utm_content=webmail\">www.avg.com\/email-signature?utm_medium=email&amp;utm_source=link&amp;utm_campaign=sig-email&amp;utm_content=webmail<\/a>&gt; Libre de virus.www.avg.com &lt;<a href=\"http:\/\/www.avg.com\/email-signature?utm_medium=email&amp;utm_source=link&amp;utm_campaign=sig-email&amp;utm_content=webmail\">www.avg.com\/email-signature?utm_medium=email&amp;utm_source=link&amp;utm_campaign=sig-email&amp;utm_content=webmail<\/a>&gt; <\/p>\n","protected":false},"excerpt":{"rendered":"<p>\u201cPara entender la nueva realidad primero hay que vivirla\u201d, es la propuesta del evento que tendr\u00e1 lugar en el Centro de Convenciones Gala, con la organizaci\u00f3n de ECOM Chaco y del gobierno provincial. Habr\u00e1 m\u00e1s de 40 expositores, y expertos de las principales empresas del sector. Virtuality, la expo de tecnolog\u00eda m\u00e1s ic\u00f3nica de Europa, [&hellip;]<\/p>\n","protected":false},"author":1,"featured_media":23941,"comment_status":"closed","ping_status":"closed","sticky":false,"template":"","format":"standard","meta":{"footnotes":""},"categories":[6],"tags":[],"class_list":{"0":"post-23940","1":"post","2":"type-post","3":"status-publish","4":"format-standard","5":"has-post-thumbnail","7":"category-chaco"},"_links":{"self":[{"href":"https:\/\/chacosintesis.com.ar\/index.php\/wp-json\/wp\/v2\/posts\/23940","targetHints":{"allow":["GET"]}}],"collection":[{"href":"https:\/\/chacosintesis.com.ar\/index.php\/wp-json\/wp\/v2\/posts"}],"about":[{"href":"https:\/\/chacosintesis.com.ar\/index.php\/wp-json\/wp\/v2\/types\/post"}],"author":[{"embeddable":true,"href":"https:\/\/chacosintesis.com.ar\/index.php\/wp-json\/wp\/v2\/users\/1"}],"replies":[{"embeddable":true,"href":"https:\/\/chacosintesis.com.ar\/index.php\/wp-json\/wp\/v2\/comments?post=23940"}],"version-history":[{"count":0,"href":"https:\/\/chacosintesis.com.ar\/index.php\/wp-json\/wp\/v2\/posts\/23940\/revisions"}],"wp:featuredmedia":[{"embeddable":true,"href":"https:\/\/chacosintesis.com.ar\/index.php\/wp-json\/wp\/v2\/media\/23941"}],"wp:attachment":[{"href":"https:\/\/chacosintesis.com.ar\/index.php\/wp-json\/wp\/v2\/media?parent=23940"}],"wp:term":[{"taxonomy":"category","embeddable":true,"href":"https:\/\/chacosintesis.com.ar\/index.php\/wp-json\/wp\/v2\/categories?post=23940"},{"taxonomy":"post_tag","embeddable":true,"href":"https:\/\/chacosintesis.com.ar\/index.php\/wp-json\/wp\/v2\/tags?post=23940"}],"curies":[{"name":"wp","href":"https:\/\/api.w.org\/{rel}","templated":true}]}}