{"id":23938,"date":"2023-07-17T18:09:20","date_gmt":"2023-07-17T21:09:20","guid":{"rendered":"https:\/\/chacosintesis.com.ar\/?p=23938"},"modified":"2023-07-17T18:36:41","modified_gmt":"2023-07-17T21:36:41","slug":"vuelve-el-calor-en-pleno-invierno-la-primera-semana-de-vacaciones-arranco-con-mucho-frio-pero-se-esperan-mas-de-30-grados-para-el-finde","status":"publish","type":"post","link":"https:\/\/chacosintesis.com.ar\/index.php\/vuelve-el-calor-en-pleno-invierno-la-primera-semana-de-vacaciones-arranco-con-mucho-frio-pero-se-esperan-mas-de-30-grados-para-el-finde\/","title":{"rendered":"Vuelve el calor en pleno invierno: La primera semana de vacaciones arranc\u00f3 con mucho fr\u00edo, pero se esperan m\u00e1s de 30 grados para el finde"},"content":{"rendered":"<p>El Servicio Meteorol\u00f3gico Nacional (SMN) anticipa ascenso de temperatura desde el jueves 20, con m\u00e1ximas que alcanzar\u00edan los 33\u00b0C el s\u00e1bado 22 y domingo 23.<br \/>\nEl Servicio Meteorol\u00f3gico Nacional (SMN) anticipa que, para el pr\u00f3ximo fin de semana (el s\u00e1bado 22 y domingo 23 de julio) se esperan temperaturas superiores a los 30\u00b0C, alcanzando una m\u00e1xima de 33\u00b0C.<br \/>\nSin embargo, en lo que resta de la primera semana de vacaciones de invierno, las temperaturas hasta el jueves 20, se mantendr\u00e1n entre los 3\u00b0C de m\u00ednima y 17\u00b0C de m\u00e1xima, con cielo parcialmente a mayormente nublado, sin precipitaciones.<br \/>\nEl jueves 20, D\u00eda de la Amistad, la temperatura comenzar\u00e1 en ascenso: se esperan 12\u00b0C de m\u00ednima y 23\u00b0C de m\u00e1xima, con cielo ligeramente nublado.<br \/>\nEl viernes 21, el calor comienza a sentirse y la m\u00ednima s\u00f3lo ser\u00e1 de 17\u00b0C de m\u00ednima y 29\u00b0C de m\u00e1xima. El s\u00e1bado 22 y el domingo 23, las temperaturas ser\u00e1n de 23\u00b0C de m\u00ednima y 33\u00b0C de m\u00e1xima, en ambas jornadas.<br \/>\n<<a href=\"http:\/\/www.avg.com\/email-signature?utm_medium=email&#038;utm_source=link&#038;utm_campaign=sig-email&#038;utm_content=webmail\">www.avg.com\/email-signature?utm_medium=email&amp;utm_source=link&amp;utm_campaign=sig-email&amp;utm_content=webmail<\/a>> Libre de virus.www.avg.com <<a href=\"http:\/\/www.avg.com\/email-signature?utm_medium=email&#038;utm_source=link&#038;utm_campaign=sig-email&#038;utm_content=webmail\">www.avg.com\/email-signature?utm_medium=email&amp;utm_source=link&amp;utm_campaign=sig-email&amp;utm_content=webmail<\/a>> <#DAB4FAD8-2DD7-40BB-A1B8-4E2AA1F9FDF2><\/p>\n","protected":false},"excerpt":{"rendered":"<p>El Servicio Meteorol\u00f3gico Nacional (SMN) anticipa ascenso de temperatura desde el jueves 20, con m\u00e1ximas que alcanzar\u00edan los 33\u00b0C el s\u00e1bado 22 y domingo 23. El Servicio Meteorol\u00f3gico Nacional (SMN) anticipa que, para el pr\u00f3ximo fin de semana (el s\u00e1bado 22 y domingo 23 de julio) se esperan temperaturas superiores a los 30\u00b0C, alcanzando una [&hellip;]<\/p>\n","protected":false},"author":1,"featured_media":23939,"comment_status":"closed","ping_status":"closed","sticky":false,"template":"","format":"standard","meta":{"footnotes":""},"categories":[6],"tags":[],"class_list":{"0":"post-23938","1":"post","2":"type-post","3":"status-publish","4":"format-standard","5":"has-post-thumbnail","7":"category-chaco"},"_links":{"self":[{"href":"https:\/\/chacosintesis.com.ar\/index.php\/wp-json\/wp\/v2\/posts\/23938","targetHints":{"allow":["GET"]}}],"collection":[{"href":"https:\/\/chacosintesis.com.ar\/index.php\/wp-json\/wp\/v2\/posts"}],"about":[{"href":"https:\/\/chacosintesis.com.ar\/index.php\/wp-json\/wp\/v2\/types\/post"}],"author":[{"embeddable":true,"href":"https:\/\/chacosintesis.com.ar\/index.php\/wp-json\/wp\/v2\/users\/1"}],"replies":[{"embeddable":true,"href":"https:\/\/chacosintesis.com.ar\/index.php\/wp-json\/wp\/v2\/comments?post=23938"}],"version-history":[{"count":0,"href":"https:\/\/chacosintesis.com.ar\/index.php\/wp-json\/wp\/v2\/posts\/23938\/revisions"}],"wp:featuredmedia":[{"embeddable":true,"href":"https:\/\/chacosintesis.com.ar\/index.php\/wp-json\/wp\/v2\/media\/23939"}],"wp:attachment":[{"href":"https:\/\/chacosintesis.com.ar\/index.php\/wp-json\/wp\/v2\/media?parent=23938"}],"wp:term":[{"taxonomy":"category","embeddable":true,"href":"https:\/\/chacosintesis.com.ar\/index.php\/wp-json\/wp\/v2\/categories?post=23938"},{"taxonomy":"post_tag","embeddable":true,"href":"https:\/\/chacosintesis.com.ar\/index.php\/wp-json\/wp\/v2\/tags?post=23938"}],"curies":[{"name":"wp","href":"https:\/\/api.w.org\/{rel}","templated":true}]}}