{"id":23936,"date":"2023-07-17T17:13:06","date_gmt":"2023-07-17T20:13:06","guid":{"rendered":"https:\/\/chacosintesis.com.ar\/?p=23936"},"modified":"2023-07-17T17:37:24","modified_gmt":"2023-07-17T20:37:24","slug":"es-la-obra-mas-importante-y-emblematica-de-la-ciudad-de-resistencia","status":"publish","type":"post","link":"https:\/\/chacosintesis.com.ar\/index.php\/es-la-obra-mas-importante-y-emblematica-de-la-ciudad-de-resistencia\/","title":{"rendered":"&#8220;Es la obra m\u00e1s importante y emblem\u00e1tica de la ciudad de Resistencia&#8221;"},"content":{"rendered":"<p>Emplazada en el parque 2 de Febrero, se trata de una mega obra de m\u00e1s de mil millones de pesos de inversi\u00f3n. Se espera poder concluirla en septiembre.<br \/>\nEl gobernador Jorge Capitanich supervis\u00f3 este lunes el avance de obras del Centro de Educaci\u00f3n F\u00edsica (CEF) N\u00b01 de Resistencia, el m\u00e1s grande de su tipo en la provincia. Ubicado en el parque 2 de Febrero, sobre avenida Lavalle al 700, el complejo concentrar\u00e1 las instituciones deportivo-educativas de mayor referencia, con estadio cubierto, gimnasios, aulas y oficinas.<br \/>\nCon $1.044.662.675 presupuestados en dos etapas, ser\u00e1 una de las inversiones m\u00e1s importantes en cuanto a infraestructura deportiva que se tenga memoria en el Chaco. Eso se debe a que adem\u00e1s del CEF, funcionar\u00e1n el renovado Instituto de Educaci\u00f3n Superior de Educaci\u00f3n F\u00edsica (IESEF) y la Fundaci\u00f3n Deportiva Social Chaco (DESOCHA). Tambi\u00e9n ser\u00e1 sede de la Liga Chaque\u00f1a de F\u00fatbol y de diversas federaciones deportivas.<br \/>\n\u201cEs la obra m\u00e1s importante y emblem\u00e1tica de la ciudad de Resistencia y esperamos poder inaugurarla para septiembre\u201d, dijo Capitanich en su visita al predio acompa\u00f1ado del ministro de Planificaci\u00f3n, Econom\u00eda e Infraestructura, Santiago P\u00e9rez Pons. &#8220;Se trata de una obra de reparaci\u00f3n integral con una inversi\u00f3n estructural, y junto al CEF N\u00b02 de S\u00e1enz Pe\u00f1a constituyen las dos obras m\u00e1s grandes, que tendr\u00e1n un importante impacto para el sistema deportivo chaque\u00f1o&#8221;, enfatiz\u00f3.<br \/>\nSe dar\u00e1 respuesta tambi\u00e9n en este proyecto a las actividades complementarias comunes a las tres instituciones: tres gimnasios y sus respectivos servicios de sanitarios, piscina semiol\u00edmpica y piscina para rehabilitaci\u00f3n, consultorio de kinesiolog\u00eda, sala de primeros auxilios, dep\u00f3sitos de insumos deportivos, guarder\u00eda infantil para hijos de los alumnos y docentes, biblioteca, auditorio y bar-cantina.<br \/>\nEn los gimnasios se har\u00e1n obras de refacci\u00f3n y refuncionalizaci\u00f3n, siendo el gimnasio N\u00b01 el que mayor intervenci\u00f3n tendr\u00e1. Se ampliar\u00e1 su capacidad para convertirlo en un imponente estadio cubierto con capacidad de hasta 2 mil espectadores sentados, adecuando las medidas reglamentarias de su cancha y dot\u00e1ndolo de los servicios necesarios para su uso en competencias internacionales de b\u00e1squet y v\u00f3ley.<br \/>\n\u201cSe trata de una infraestructura de excelencia, con piso de parquet y requerimientos de vestuarios a lo que debemos sumar la pileta de nataci\u00f3n de gran calidad, lo que implica un complejo deportivo de excelencia para la ciudad de Resistencia\u201d, sostuvo el gobernador.<br \/>\nTambi\u00e9n se articular\u00e1n en espacios apropiados dentro de este mismo gimnasio: el auditorio, el consultorio de kinesiolog\u00eda, la sala de primeros auxilios y la cantina bar. La biblioteca y la guarder\u00eda infantil requerir\u00e1n la construcci\u00f3n de edificios nuevos.<br \/>\nLos trabajos se desarrollan en dos etapas bajo licitaci\u00f3n p\u00fablica N\u00b0 08\/22: la primera ($302.335.548) presenta un avance del 66% y la segunda ($742.327.127) del 45%. \u201cEsta es la obra m\u00e1s importante y de mayor dimensi\u00f3n en Resistencia&#8221;, remarc\u00f3 el ministro P\u00e9rez Pons, destacando que genera empleo para unos 130 trabajadores de la construcci\u00f3n.<br \/>\n&#8220;Este Centro de Educaci\u00f3n F\u00edsica, es una obra educativa, principalmente porque estas instalaciones las van a poder utilizar las chicas y chicos de todos los colegios y futuros profesionales que van a poder contar con este espacio&#8221;, resalt\u00f3 el ministro.<br \/>\nDetalles de obra<br \/>\nLa premisa es el acceso universal de las personas a este complejo. El ingreso principal, que tambi\u00e9n oficia de fachada, es un portal con m\u00faltiples p\u00f3rticos que admiten, seg\u00fan se requiera, la apertura total o parcial al predio mediante rejas, portones levadizos y otros mecanismos de cerramiento y seguridad.<br \/>\nPara el IESEF se proyecta la construcci\u00f3n de un edificio nuevo, con oficinas administrativas en la planta baja y aulas distribuidas en primer y segundo nivel. Cada uno de los niveles cuenta con sus respectivos servicios (bater\u00edas de ba\u00f1os, oficinas y dep\u00f3sitos).<br \/>\nTeniendo en consideraci\u00f3n el programa arquitect\u00f3nico, se consider\u00f3 la construcci\u00f3n de una pileta semiol\u00edmpica que responda a la demanda de la poblaci\u00f3n estudiantil para la formaci\u00f3n de futuros profesores y la realizaci\u00f3n de la pr\u00e1ctica deportiva por parte de la comunidad.<br \/>\nEl gimnasio n\u00b01 est\u00e1 ubicado sobre la fachada principal y tiene conexi\u00f3n directa con la avenida Lavalle y es el \u00fanico de los tres gimnasios apto para la realizaci\u00f3n de eventos externos.<br \/>\nSobre una de las cabeceras de la cancha se ubicar\u00e1 el auditorio con capacidad para 130 personas, requerido en el programa de necesidades de IESEF, que a su vez servir\u00e1 para las dem\u00e1s instituciones que integran este complejo. Adem\u00e1s, contar\u00e1 con un consultorio de kinesiolog\u00eda para uso frecuente de alumnos y entrenadores.<br \/>\nAsimismo, el proyecto incluye una sala de primeros auxilios, con v\u00eda de escape directa hacia la Avenida Lavalle para el ingreso y egreso de una ambulancia en casos de emergencias.<br \/>\nEn el gimnasio N\u00b02 se realizar\u00e1n trabajos de mantenimiento y puesta en valor del piso de parqu\u00e9 existente y la cubierta que se encuentran en excelentes condiciones edilicias y se realizar\u00e1n trabajos de reformas en los sanitarios existentes. Por \u00faltimo, en el gimnasio N\u00b03 se har\u00e1n tareas de mantenimiento, renovaci\u00f3n de cielorrasos y readecuaci\u00f3n de los ingresos.<br \/>\n&lt;<a href=\"http:\/\/www.avg.com\/email-signature?utm_medium=email&amp;utm_source=link&amp;utm_campaign=sig-email&amp;utm_content=webmail\">www.avg.com\/email-signature?utm_medium=email&amp;utm_source=link&amp;utm_campaign=sig-email&amp;utm_content=webmail<\/a>&gt; Libre de virus.www.avg.com &lt;<a href=\"http:\/\/www.avg.com\/email-signature?utm_medium=email&amp;utm_source=link&amp;utm_campaign=sig-email&amp;utm_content=webmail\">www.avg.com\/email-signature?utm_medium=email&amp;utm_source=link&amp;utm_campaign=sig-email&amp;utm_content=webmail<\/a>&gt; <\/p>\n","protected":false},"excerpt":{"rendered":"<p>Emplazada en el parque 2 de Febrero, se trata de una mega obra de m\u00e1s de mil millones de pesos de inversi\u00f3n. Se espera poder concluirla en septiembre. El gobernador Jorge Capitanich supervis\u00f3 este lunes el avance de obras del Centro de Educaci\u00f3n F\u00edsica (CEF) N\u00b01 de Resistencia, el m\u00e1s grande de su tipo en [&hellip;]<\/p>\n","protected":false},"author":1,"featured_media":23937,"comment_status":"closed","ping_status":"closed","sticky":false,"template":"","format":"standard","meta":{"footnotes":""},"categories":[6],"tags":[],"class_list":{"0":"post-23936","1":"post","2":"type-post","3":"status-publish","4":"format-standard","5":"has-post-thumbnail","7":"category-chaco"},"_links":{"self":[{"href":"https:\/\/chacosintesis.com.ar\/index.php\/wp-json\/wp\/v2\/posts\/23936","targetHints":{"allow":["GET"]}}],"collection":[{"href":"https:\/\/chacosintesis.com.ar\/index.php\/wp-json\/wp\/v2\/posts"}],"about":[{"href":"https:\/\/chacosintesis.com.ar\/index.php\/wp-json\/wp\/v2\/types\/post"}],"author":[{"embeddable":true,"href":"https:\/\/chacosintesis.com.ar\/index.php\/wp-json\/wp\/v2\/users\/1"}],"replies":[{"embeddable":true,"href":"https:\/\/chacosintesis.com.ar\/index.php\/wp-json\/wp\/v2\/comments?post=23936"}],"version-history":[{"count":0,"href":"https:\/\/chacosintesis.com.ar\/index.php\/wp-json\/wp\/v2\/posts\/23936\/revisions"}],"wp:featuredmedia":[{"embeddable":true,"href":"https:\/\/chacosintesis.com.ar\/index.php\/wp-json\/wp\/v2\/media\/23937"}],"wp:attachment":[{"href":"https:\/\/chacosintesis.com.ar\/index.php\/wp-json\/wp\/v2\/media?parent=23936"}],"wp:term":[{"taxonomy":"category","embeddable":true,"href":"https:\/\/chacosintesis.com.ar\/index.php\/wp-json\/wp\/v2\/categories?post=23936"},{"taxonomy":"post_tag","embeddable":true,"href":"https:\/\/chacosintesis.com.ar\/index.php\/wp-json\/wp\/v2\/tags?post=23936"}],"curies":[{"name":"wp","href":"https:\/\/api.w.org\/{rel}","templated":true}]}}