{"id":23928,"date":"2023-07-17T17:02:35","date_gmt":"2023-07-17T20:02:35","guid":{"rendered":"https:\/\/chacosintesis.com.ar\/?p=23928"},"modified":"2023-07-17T17:07:39","modified_gmt":"2023-07-17T20:07:39","slug":"personas-mayores-de-la-residencia-el-buen-samaritano-completaron-esquemas-de-vacunacion","status":"publish","type":"post","link":"https:\/\/chacosintesis.com.ar\/index.php\/personas-mayores-de-la-residencia-el-buen-samaritano-completaron-esquemas-de-vacunacion\/","title":{"rendered":"Personas mayores de la residencia \u201cEl Buen Samaritano\u201d completaron esquemas de vacunaci\u00f3n"},"content":{"rendered":"<p>Esta semana las acciones de la cruzada est\u00e1n dirigidas a reforzar los esquemas en la poblaci\u00f3n comprendida por adultos mayores de 65 a\u00f1os.<br \/>\nEn el inicio de la cuarta semana de la Cruzada de Vacunaci\u00f3n Invernal, el Ministerio de Salud P\u00fablica a trav\u00e9s del Programa Ampliado de Inmunizaciones (PAI) visit\u00f3 la Residencia de Adultos Mayores (RAM) \u201cEl Buen Samaritano\u201d de Barranqueras. La campa\u00f1a, que comenz\u00f3 el pasado 26 de junio, se extender\u00e1 hasta el 28 de julio en cada una de las ocho regiones sanitarias del territorio chaque\u00f1o.<br \/>\nLa meta de la Cruzada es aumentar las coberturas de ni\u00f1as y ni\u00f1os en edades de calendario nacional, personas con factores de riesgo, adultos mayores de 65 a\u00f1os, personas gestantes y personal de salud, haciendo hincapi\u00e9 en la prevenci\u00f3n de las enfermedades respiratorias estacionales. Se aplican todas las dosis incluidas del calendario, reforzando la antigripal, la antineumoc\u00f3cica, contra el COVID-19, y triple bacteriana (contra la difteria, t\u00e9tanos y tos convulsa).<br \/>\nDurante la semana en curso las acciones de la campa\u00f1a est\u00e1n dirigidas a reforzar los esquemas en la poblaci\u00f3n comprendida por adultos mayores de 65 a\u00f1os mediante la implementaci\u00f3n de postas de vacunaci\u00f3n en residencias de adultos mayores, tanto del \u00c1rea Metropolitana del Gran Resistencia como en el interior provincial.<br \/>\nChaco cuenta con una red provincial de m\u00e1s de 300 vacunatorios distribuidos en cada una de las ocho regiones sanitarias. Es necesario concurrir a estos espacios con el carnet de vacunaci\u00f3n y el DNI para cumplir con los esquemas de inmunizaci\u00f3n. Desde el 26 de junio se registraron en el sistema SISA NOMIVAC un total de 37.594 dosis de vacunas correspondientes al territorio chaque\u00f1o.<br \/>\nActividades programadas<br \/>\nDurante la cuarta semana de la Cruzada Invernal las actividades est\u00e1n orientadas hacia el p\u00fablico conformado por las personas mayores de 65 a\u00f1os, mediante las siguientes postas de vacunaci\u00f3n en RAM:<br \/>\nMartes 18<br \/>\nDe 9 a 13 \u2013 RAM San Jos\u00e9 Hogar de Tr\u00e1nsito N\u00b0 1, Padre Cequeira 1780, Resistencia.<br \/>\nDe 9 a 12 \u2013 RAM Sagrado Coraz\u00f3n de Jes\u00fas, Pellegrini 1800, Villa \u00c1ngela.<br \/>\nDe 9 a 12 \u2013 RAM San Roque, Calle 31 entre 30 y 32, S\u00e1enz Pe\u00f1a<br \/>\nMi\u00e9rcoles 19<br \/>\nDe 9 a 13\u2013 RAM La Fabiana, Estanislado L\u00f3pez 1348, Villa Fabiana.<br \/>\nDe 9.30 a 12\u2013 RAM Rosa H. P\u00e9rez, Belgrano s\/n, Presidencia de La Plaza.<br \/>\nDe 9 a 12 &#8211; RAM San Antonio de Padua, Planta Urbana s\/n, Santa Sylvina.<br \/>\nDe 9 a 12 \u2013 RAM San Bernardo, Sargento Cabral s\/n, San Bernardo.<br \/>\nDe 9 a 12\u2013 RAM Santa Rita (Centro de Salud Santa Catalina), Los Inmigrantes 230, Resistencia.<br \/>\nJueves 20<br \/>\nDe 9 a 13 \u2013 RAM Nuestra Se\u00f1ora de la Esperanza, Parodi 1290, Resistencia.<br \/>\nDe 9 a 12 \u2013 RAM Santa Ana y Joaqu\u00edn, Planta Urbana s\/n, Las Bre\u00f1as.<br \/>\nViernes 21<br \/>\nDe 9 a 13 \u2013 RAM Betania, Avenida Paraguay 2450, Resistencia.<br \/>\nA partir de las 10 \u2013 RAM San Cayetano, Planta Urbana s\/n, Colonia Baranda.<br \/>\n &lt;<a href=\"http:\/\/www.avg.com\/email-signature?utm_medium=email&amp;utm_source=link&amp;utm_campaign=sig-email&amp;utm_content=webmail\">www.avg.com\/email-signature?utm_medium=email&amp;utm_source=link&amp;utm_campaign=sig-email&amp;utm_content=webmail<\/a>&gt; Libre de virus.www.avg.com &lt;<a href=\"http:\/\/www.avg.com\/email-signature?utm_medium=email&amp;utm_source=link&amp;utm_campaign=sig-email&amp;utm_content=webmail\">www.avg.com\/email-signature?utm_medium=email&amp;utm_source=link&amp;utm_campaign=sig-email&amp;utm_content=webmail<\/a>&gt; <\/p>\n","protected":false},"excerpt":{"rendered":"<p>Esta semana las acciones de la cruzada est\u00e1n dirigidas a reforzar los esquemas en la poblaci\u00f3n comprendida por adultos mayores de 65 a\u00f1os. En el inicio de la cuarta semana de la Cruzada de Vacunaci\u00f3n Invernal, el Ministerio de Salud P\u00fablica a trav\u00e9s del Programa Ampliado de Inmunizaciones (PAI) visit\u00f3 la Residencia de Adultos Mayores [&hellip;]<\/p>\n","protected":false},"author":1,"featured_media":23929,"comment_status":"closed","ping_status":"closed","sticky":false,"template":"","format":"standard","meta":{"footnotes":""},"categories":[6],"tags":[],"class_list":{"0":"post-23928","1":"post","2":"type-post","3":"status-publish","4":"format-standard","5":"has-post-thumbnail","7":"category-chaco"},"_links":{"self":[{"href":"https:\/\/chacosintesis.com.ar\/index.php\/wp-json\/wp\/v2\/posts\/23928","targetHints":{"allow":["GET"]}}],"collection":[{"href":"https:\/\/chacosintesis.com.ar\/index.php\/wp-json\/wp\/v2\/posts"}],"about":[{"href":"https:\/\/chacosintesis.com.ar\/index.php\/wp-json\/wp\/v2\/types\/post"}],"author":[{"embeddable":true,"href":"https:\/\/chacosintesis.com.ar\/index.php\/wp-json\/wp\/v2\/users\/1"}],"replies":[{"embeddable":true,"href":"https:\/\/chacosintesis.com.ar\/index.php\/wp-json\/wp\/v2\/comments?post=23928"}],"version-history":[{"count":0,"href":"https:\/\/chacosintesis.com.ar\/index.php\/wp-json\/wp\/v2\/posts\/23928\/revisions"}],"wp:featuredmedia":[{"embeddable":true,"href":"https:\/\/chacosintesis.com.ar\/index.php\/wp-json\/wp\/v2\/media\/23929"}],"wp:attachment":[{"href":"https:\/\/chacosintesis.com.ar\/index.php\/wp-json\/wp\/v2\/media?parent=23928"}],"wp:term":[{"taxonomy":"category","embeddable":true,"href":"https:\/\/chacosintesis.com.ar\/index.php\/wp-json\/wp\/v2\/categories?post=23928"},{"taxonomy":"post_tag","embeddable":true,"href":"https:\/\/chacosintesis.com.ar\/index.php\/wp-json\/wp\/v2\/tags?post=23928"}],"curies":[{"name":"wp","href":"https:\/\/api.w.org\/{rel}","templated":true}]}}