{"id":23926,"date":"2023-07-17T16:46:45","date_gmt":"2023-07-17T19:46:45","guid":{"rendered":"https:\/\/chacosintesis.com.ar\/?p=23926"},"modified":"2023-07-17T17:07:38","modified_gmt":"2023-07-17T20:07:38","slug":"leandro-zdero-en-santa-sylvina-el-campo-necesita-politicas-claras-y-acompanamiento","status":"publish","type":"post","link":"https:\/\/chacosintesis.com.ar\/index.php\/leandro-zdero-en-santa-sylvina-el-campo-necesita-politicas-claras-y-acompanamiento\/","title":{"rendered":"Leandro Zdero en Santa Sylvina: &#8220;El campo necesita pol\u00edticas claras y acompa\u00f1amiento&#8221;"},"content":{"rendered":"<p>Leandro Zdero y Silvana Schneider, la f\u00f3rmula para la gobernaci\u00f3n de Juntos por el Cambio, acompa\u00f1aron este domingo la 7ma. Fiesta Regional del Locro y la Argentinidad en Santa Sylvina. \u201cMuy agradecidos por la invitaci\u00f3n de su intendente Susana Maggio, de poder estar como lo hicimos en ediciones anteriores y ratificando nuestro compromiso con el campo y con toda la comunidad que, a trav\u00e9s de esta fiesta, expresan nuestras tradiciones gauchescas\u201d- manifestaron.<\/p>\n<p> La 7ma. Fiesta Regional del Locro y la Argentinidad, edici\u00f3n \u201cMargarita Cecilia Retamozo\u201d se realiz\u00f3 en el Bing\u00f3dromo del Club Deportivo Comercio, con una masiva concurrencia durante este fin de semana y con la presencia de destacados artistas musicales que coronaron este evento como Piko Frank, El Mestizo, La Callejera y el Conjunto Santa Elena. En este sentido, sobre la presencia de los stands, los participantes y las agrupaciones gauchescas, Zdero agreg\u00f3 que: \u201cen este encuentro tambi\u00e9n afianzamos ese lazo con el primer eslab\u00f3n productivo que es el campo porque con Silvana, como hijos de productores, entendemos la importancia de esta convocatoria. Por otra parte, destacamos y valoramos mucho la gesti\u00f3n de Susana en el municipio, de su equipo, que junto a la comunidad han logrado enaltecer esta fiesta aumentando la cantidad de participantes de otras regiones\u201d.<\/p>\n<p> Por \u00faltimo, Zdero se refiri\u00f3 a la realidad del campo chaque\u00f1o: \u201cEl campo viene atravesando 3 a\u00f1os de sequ\u00eda, a\u00f1os dif\u00edciles, pero debemos apoyarlo porque el campo es la herramienta, el motor econ\u00f3mico y productivo del Chaco, y es por eso, que tambi\u00e9n vamos a aplicar medidas y pol\u00edticas p\u00fablicas que lo ayuden, cuando gobernemos la provincia. Felicitamos, una vez m\u00e1s, a Santa Sylvina que nos recuerda nuestras tradiciones, a las agrupaciones, a los que trajeron sus stands con sus productos, a los que participan y al p\u00fablico en general que hicieron hoy de esta Fiesta un logro importante para toda la comunidad\u201d- concluyeron.<\/p>\n","protected":false},"excerpt":{"rendered":"<p>Leandro Zdero y Silvana Schneider, la f\u00f3rmula para la gobernaci\u00f3n de Juntos por el Cambio, acompa\u00f1aron este domingo la 7ma. Fiesta Regional del Locro y la Argentinidad en Santa Sylvina. \u201cMuy agradecidos por la invitaci\u00f3n de su intendente Susana Maggio, de poder estar como lo hicimos en ediciones anteriores y ratificando nuestro compromiso con el [&hellip;]<\/p>\n","protected":false},"author":1,"featured_media":23927,"comment_status":"closed","ping_status":"closed","sticky":false,"template":"","format":"standard","meta":{"footnotes":""},"categories":[6],"tags":[],"class_list":{"0":"post-23926","1":"post","2":"type-post","3":"status-publish","4":"format-standard","5":"has-post-thumbnail","7":"category-chaco"},"_links":{"self":[{"href":"https:\/\/chacosintesis.com.ar\/index.php\/wp-json\/wp\/v2\/posts\/23926","targetHints":{"allow":["GET"]}}],"collection":[{"href":"https:\/\/chacosintesis.com.ar\/index.php\/wp-json\/wp\/v2\/posts"}],"about":[{"href":"https:\/\/chacosintesis.com.ar\/index.php\/wp-json\/wp\/v2\/types\/post"}],"author":[{"embeddable":true,"href":"https:\/\/chacosintesis.com.ar\/index.php\/wp-json\/wp\/v2\/users\/1"}],"replies":[{"embeddable":true,"href":"https:\/\/chacosintesis.com.ar\/index.php\/wp-json\/wp\/v2\/comments?post=23926"}],"version-history":[{"count":0,"href":"https:\/\/chacosintesis.com.ar\/index.php\/wp-json\/wp\/v2\/posts\/23926\/revisions"}],"wp:featuredmedia":[{"embeddable":true,"href":"https:\/\/chacosintesis.com.ar\/index.php\/wp-json\/wp\/v2\/media\/23927"}],"wp:attachment":[{"href":"https:\/\/chacosintesis.com.ar\/index.php\/wp-json\/wp\/v2\/media?parent=23926"}],"wp:term":[{"taxonomy":"category","embeddable":true,"href":"https:\/\/chacosintesis.com.ar\/index.php\/wp-json\/wp\/v2\/categories?post=23926"},{"taxonomy":"post_tag","embeddable":true,"href":"https:\/\/chacosintesis.com.ar\/index.php\/wp-json\/wp\/v2\/tags?post=23926"}],"curies":[{"name":"wp","href":"https:\/\/api.w.org\/{rel}","templated":true}]}}