{"id":23916,"date":"2023-07-17T15:22:36","date_gmt":"2023-07-17T18:22:36","guid":{"rendered":"https:\/\/chacosintesis.com.ar\/?p=23916"},"modified":"2023-07-17T15:36:12","modified_gmt":"2023-07-17T18:36:12","slug":"caso-cecilia-nahir-barud-esperamos-que-para-septiembre-u-octubre-la-causa-sea-elevada-a-juicio","status":"publish","type":"post","link":"https:\/\/chacosintesis.com.ar\/index.php\/caso-cecilia-nahir-barud-esperamos-que-para-septiembre-u-octubre-la-causa-sea-elevada-a-juicio\/","title":{"rendered":"Caso Cecilia: Nahir Barud, \u201cEsperamos que para septiembre u octubre la causa sea elevada a juicio\u201d"},"content":{"rendered":"<p>La abogada querellante de la Secretar\u00eda de Derechos Humanos y G\u00e9neros de la provincia del Chaco dio a conocer m\u00e1s detalles del caso. Las primeras audiencias se desarrollar\u00e1n los primeros d\u00edas de agosto.<br \/>\nNahir Barud, abogada querellante de la Secretar\u00eda de Derechos Humanos y G\u00e9neros de la provincia del Chaco, habl\u00f3 con Radio Provincia del Chaco y dio a conocer m\u00e1s detalles y novedades sobre el caso de Cecilia Strzyzowski. \u201cEsperamos que para septiembre u octubre la causa sea elevada a juicio\u201d, expres\u00f3.<br \/>\nEn este sentido, explic\u00f3 que contin\u00faa la etapa de instrucci\u00f3n iniciada el 6 de junio y que la misma podr\u00eda extenderse dentro del plazo de dos meses de investigaci\u00f3n que dictamina el C\u00f3digo Procesal. \u201cSeguramente se extienda como se extienden en general todas las investigaciones por las propias dificultades que tienen los procesos, m\u00e1s en esta causa que es muy compleja\u201d, se\u00f1al\u00f3.<br \/>\nAsimismo, coment\u00f3 que la primera semana de agosto, m\u00e1s precisamente los d\u00edas 2, 3, 7, 8 y 9 de ese mes, se realizar\u00e1n las primeras audiencias vinculadas al caso. \u201cAh\u00ed desarrollamos los fundamentos por los cuales para nosotros deben continuar en prisi\u00f3n preventiva estas siete personas imputadas\u201d, explic\u00f3 Barud, y agreg\u00f3: \u201cLas audiencias son para la prisi\u00f3n preventiva que es que contin\u00faen detenidas durante todo el proceso y hasta el juicio y la condena\u201d.<br \/>\nPor otra parte, sobre la posibilidad de sumar un octavo imputado a la causa, la abogada expres\u00f3: \u201cContin\u00faa investig\u00e1ndose por parte del equipo fiscal especial, pero obviamente no se puede lanzar sin una investigaci\u00f3n previa realizada para poder imputar o no a una persona\u201d, manifest\u00f3. No obstante, dijo: \u201cSe est\u00e1 dando prioridad a estas siete personas implicadas y poder robustecer la investigaci\u00f3n que se est\u00e1 desarrollando\u201d.<br \/>\nEn cuanto a novedades de las pericias del caso, Barud explic\u00f3: \u201cHay una prueba t\u00e9cnica que contin\u00faa pendiente que ya la hemos reiterado y que esperamos est\u00e9 pronta a ingresar al expediente en los pr\u00f3ximos d\u00edas ya que no depende de fiscal\u00edas, sino de un \u00f3rgano externo\u201d. Asimismo, agreg\u00f3 que las pericias de los restos \u00f3seos encontrados deber\u00edan estar para los primeros d\u00edas del mes de agosto.<br \/>\nPor \u00faltimo, habl\u00f3 de la hip\u00f3tesis que Cecilia podr\u00eda haber estado embarazada. \u201cSe investiga esa hip\u00f3tesis, pero no es determinante en este punto y en este momento\u201d, expres\u00f3. No obstante, dijo que, de ser posible, \u201cpuede llegar a tener una modificaci\u00f3n en la imputaci\u00f3n\u201d. \u201cNo contamos con elementos para acreditarlo, pero no lo descartamos\u201d, concluy\u00f3.<br \/>\n<<a href=\"http:\/\/www.avg.com\/email-signature?utm_medium=email&#038;utm_source=link&#038;utm_campaign=sig-email&#038;utm_content=webmail\">www.avg.com\/email-signature?utm_medium=email&amp;utm_source=link&amp;utm_campaign=sig-email&amp;utm_content=webmail<\/a>> Libre de virus.www.avg.com <<a href=\"http:\/\/www.avg.com\/email-signature?utm_medium=email&#038;utm_source=link&#038;utm_campaign=sig-email&#038;utm_content=webmail\">www.avg.com\/email-signature?utm_medium=email&amp;utm_source=link&amp;utm_campaign=sig-email&amp;utm_content=webmail<\/a>> <#DAB4FAD8-2DD7-40BB-A1B8-4E2AA1F9FDF2><\/p>\n","protected":false},"excerpt":{"rendered":"<p>La abogada querellante de la Secretar\u00eda de Derechos Humanos y G\u00e9neros de la provincia del Chaco dio a conocer m\u00e1s detalles del caso. Las primeras audiencias se desarrollar\u00e1n los primeros d\u00edas de agosto. Nahir Barud, abogada querellante de la Secretar\u00eda de Derechos Humanos y G\u00e9neros de la provincia del Chaco, habl\u00f3 con Radio Provincia del [&hellip;]<\/p>\n","protected":false},"author":1,"featured_media":23917,"comment_status":"closed","ping_status":"closed","sticky":false,"template":"","format":"standard","meta":{"footnotes":""},"categories":[6],"tags":[],"class_list":{"0":"post-23916","1":"post","2":"type-post","3":"status-publish","4":"format-standard","5":"has-post-thumbnail","7":"category-chaco"},"_links":{"self":[{"href":"https:\/\/chacosintesis.com.ar\/index.php\/wp-json\/wp\/v2\/posts\/23916","targetHints":{"allow":["GET"]}}],"collection":[{"href":"https:\/\/chacosintesis.com.ar\/index.php\/wp-json\/wp\/v2\/posts"}],"about":[{"href":"https:\/\/chacosintesis.com.ar\/index.php\/wp-json\/wp\/v2\/types\/post"}],"author":[{"embeddable":true,"href":"https:\/\/chacosintesis.com.ar\/index.php\/wp-json\/wp\/v2\/users\/1"}],"replies":[{"embeddable":true,"href":"https:\/\/chacosintesis.com.ar\/index.php\/wp-json\/wp\/v2\/comments?post=23916"}],"version-history":[{"count":0,"href":"https:\/\/chacosintesis.com.ar\/index.php\/wp-json\/wp\/v2\/posts\/23916\/revisions"}],"wp:featuredmedia":[{"embeddable":true,"href":"https:\/\/chacosintesis.com.ar\/index.php\/wp-json\/wp\/v2\/media\/23917"}],"wp:attachment":[{"href":"https:\/\/chacosintesis.com.ar\/index.php\/wp-json\/wp\/v2\/media?parent=23916"}],"wp:term":[{"taxonomy":"category","embeddable":true,"href":"https:\/\/chacosintesis.com.ar\/index.php\/wp-json\/wp\/v2\/categories?post=23916"},{"taxonomy":"post_tag","embeddable":true,"href":"https:\/\/chacosintesis.com.ar\/index.php\/wp-json\/wp\/v2\/tags?post=23916"}],"curies":[{"name":"wp","href":"https:\/\/api.w.org\/{rel}","templated":true}]}}