{"id":23914,"date":"2023-07-17T15:17:00","date_gmt":"2023-07-17T18:17:00","guid":{"rendered":"https:\/\/chacosintesis.com.ar\/?p=23914"},"modified":"2023-07-17T15:36:11","modified_gmt":"2023-07-17T18:36:11","slug":"inauguraron-la-refaccion-y-ampliacion-de-la-comisaria-de-puerto-vilelas","status":"publish","type":"post","link":"https:\/\/chacosintesis.com.ar\/index.php\/inauguraron-la-refaccion-y-ampliacion-de-la-comisaria-de-puerto-vilelas\/","title":{"rendered":"Inauguraron la refacci\u00f3n y ampliaci\u00f3n de la comisar\u00eda de Puerto Vilelas"},"content":{"rendered":"<p>El gobernador encabez\u00f3 el estreno de las obras que representaron una inversi\u00f3n de m\u00e1s de $100 millones por parte del Gobierno para fortalecer las tareas de seguridad y vigilancia en la localidad portuaria.<\/p>\n<p>Este lunes por la ma\u00f1ana el gobernador Jorge Capitanich dej\u00f3 inaugurada las nuevas obras de refacci\u00f3n y ampliaci\u00f3n de la comisar\u00eda de Puerto Vilelas, una obra de $102.965.438 financiada a trav\u00e9s del Ministerio de Planificaci\u00f3n, Econom\u00eda e Infraestructura para la reorganizaci\u00f3n funcional del edificio, permitiendo ampliar la capacidad de detenci\u00f3n y una mejora del trabajo interno. Adem\u00e1s, se hizo entrega del kit de vigilancia del programa \u201cMunicipios Seguros\u201d y nueva indumentaria para el personal.<br \/>\n\u201cLa modernizaci\u00f3n en infraestructura, remodelaci\u00f3n y ampliaci\u00f3n tiene que ver con los est\u00e1ndares de seguridad y calidad requeridos\u201d, explic\u00f3 el gobernador Jorge Capitanich luego de la inauguraci\u00f3n, y se\u00f1al\u00f3 que esto \u201cse inscribe en un dise\u00f1o que tiene que ver con la entrega de 1.668 veh\u00edculos para mejorar la capacidad operativa, conjuntamente con 7.200 chalecos que estamos distribuyendo, como as\u00ed tambi\u00e9n el kit de seguridad p\u00fablica a trav\u00e9s del sistema de c\u00e1maras\u201d.<br \/>\nEl proyecto consiste en la refacci\u00f3n y ampliaci\u00f3n de la comisar\u00eda portuaria mediante lo cual se diferenciaron las \u00e1reas funcionales, separando sectores administrativos, de servicio y de detenci\u00f3n de internos. La ampliaci\u00f3n permitir\u00e1 albergar m\u00e1s cantidad de personas y en mejores condiciones. Todo ser\u00e1 complementado con trabajos de cerramiento del predio, modificaci\u00f3n de la fachada y diferenciaci\u00f3n de accesos, ya sean vehiculares y peatonales.<br \/>\n\u201cTenemos 92 comisar\u00edas, pretendemos llegar al 76% con nuevas comisar\u00edas, refacciones o remodelaciones en el transcurso de este a\u00f1o\u201d, plante\u00f3 el gobernador, y se\u00f1al\u00f3 que para los pr\u00f3ximos meses \u201ctenemos cinco inauguraciones m\u00e1s de comisar\u00edas en varias localidades\u201d.<br \/>\nEl Programa \u201cMunicipios Seguros\u201d es una iniciativa provincial que busca promover la coproducci\u00f3n de seguridad ciudadana con los gobiernos locales con una inversi\u00f3n de m\u00e1s de $8 millones por localidad con la dotaci\u00f3n de 10 c\u00e1maras, 1 videograbadora, 2 discos 6 TB aptos para videovigilancia, 1 UPS 2000 KVA, 2 televisores 43\u201d 4K ultra HD + soporte, 4 gabinetes \u2013 met\u00e1lico estanco para poste IP65, apta videovigilancia, Licencia por Software de monitoreo. Cliente servidor para 32 canales (VMS), 2 canales soportes para TV. Montaje sobre pared y 2 cables HDMI para TV.<br \/>\nUn plan de seguridad integral<br \/>\nPor otra parte, el gobernador anticip\u00f3 que \u201cvamos a lanzar un Plan de Seguridad hol\u00edstico, porque es parte de una agenda p\u00fablica de requerimientos permanentes de la ciudadan\u00eda\u201d, y explic\u00f3 que esto \u201crequiere reformas en el sistema judicial, reformas en el c\u00f3digo procesal penal\u201d.<br \/>\n\u201cNosotros entendemos que existe una responsabilidad tambi\u00e9n de la C\u00e1mara de Diputados y del Poder Judicial, es decir, es un problema de interacci\u00f3n entre los tres poderes republicanos. Pretendemos reformas del C\u00f3digo, del Colegio de Jueces, del otorgamiento de prisiones preventivas, la modernizaci\u00f3n tecnol\u00f3gica\u201d, analiz\u00f3.<br \/>\nEn esa l\u00ednea, tambi\u00e9n indic\u00f3 que \u201ctenemos cerca de 3.000 detenidos, estamos iniciando una licitaci\u00f3n para generar 700 celdas que nos permitan descomprimir las comisar\u00edas, que es un gran problema que tenemos, pero, a su vez, es necesario un procedimiento secuencial que va desde el mapa interactivo de delitos, el soporte de equipamiento, la modernizaci\u00f3n (denuncia digital), etc\u201d.<br \/>\n<<a href=\"http:\/\/www.avg.com\/email-signature?utm_medium=email&#038;utm_source=link&#038;utm_campaign=sig-email&#038;utm_content=webmail\">www.avg.com\/email-signature?utm_medium=email&amp;utm_source=link&amp;utm_campaign=sig-email&amp;utm_content=webmail<\/a>> Libre de virus.www.avg.com <<a href=\"http:\/\/www.avg.com\/email-signature?utm_medium=email&#038;utm_source=link&#038;utm_campaign=sig-email&#038;utm_content=webmail\">www.avg.com\/email-signature?utm_medium=email&amp;utm_source=link&amp;utm_campaign=sig-email&amp;utm_content=webmail<\/a>> <#DAB4FAD8-2DD7-40BB-A1B8-4E2AA1F9FDF2><\/p>\n","protected":false},"excerpt":{"rendered":"<p>El gobernador encabez\u00f3 el estreno de las obras que representaron una inversi\u00f3n de m\u00e1s de $100 millones por parte del Gobierno para fortalecer las tareas de seguridad y vigilancia en la localidad portuaria. Este lunes por la ma\u00f1ana el gobernador Jorge Capitanich dej\u00f3 inaugurada las nuevas obras de refacci\u00f3n y ampliaci\u00f3n de la comisar\u00eda de [&hellip;]<\/p>\n","protected":false},"author":1,"featured_media":23915,"comment_status":"closed","ping_status":"closed","sticky":false,"template":"","format":"standard","meta":{"footnotes":""},"categories":[6],"tags":[],"class_list":{"0":"post-23914","1":"post","2":"type-post","3":"status-publish","4":"format-standard","5":"has-post-thumbnail","7":"category-chaco"},"_links":{"self":[{"href":"https:\/\/chacosintesis.com.ar\/index.php\/wp-json\/wp\/v2\/posts\/23914","targetHints":{"allow":["GET"]}}],"collection":[{"href":"https:\/\/chacosintesis.com.ar\/index.php\/wp-json\/wp\/v2\/posts"}],"about":[{"href":"https:\/\/chacosintesis.com.ar\/index.php\/wp-json\/wp\/v2\/types\/post"}],"author":[{"embeddable":true,"href":"https:\/\/chacosintesis.com.ar\/index.php\/wp-json\/wp\/v2\/users\/1"}],"replies":[{"embeddable":true,"href":"https:\/\/chacosintesis.com.ar\/index.php\/wp-json\/wp\/v2\/comments?post=23914"}],"version-history":[{"count":0,"href":"https:\/\/chacosintesis.com.ar\/index.php\/wp-json\/wp\/v2\/posts\/23914\/revisions"}],"wp:featuredmedia":[{"embeddable":true,"href":"https:\/\/chacosintesis.com.ar\/index.php\/wp-json\/wp\/v2\/media\/23915"}],"wp:attachment":[{"href":"https:\/\/chacosintesis.com.ar\/index.php\/wp-json\/wp\/v2\/media?parent=23914"}],"wp:term":[{"taxonomy":"category","embeddable":true,"href":"https:\/\/chacosintesis.com.ar\/index.php\/wp-json\/wp\/v2\/categories?post=23914"},{"taxonomy":"post_tag","embeddable":true,"href":"https:\/\/chacosintesis.com.ar\/index.php\/wp-json\/wp\/v2\/tags?post=23914"}],"curies":[{"name":"wp","href":"https:\/\/api.w.org\/{rel}","templated":true}]}}