{"id":23912,"date":"2023-07-17T15:15:00","date_gmt":"2023-07-17T18:15:00","guid":{"rendered":"https:\/\/chacosintesis.com.ar\/?p=23912"},"modified":"2023-07-17T15:36:10","modified_gmt":"2023-07-17T18:36:10","slug":"el-1-de-agosto-inicia-la-obra-de-repavimentacion-de-la-avenida-9-de-julio","status":"publish","type":"post","link":"https:\/\/chacosintesis.com.ar\/index.php\/el-1-de-agosto-inicia-la-obra-de-repavimentacion-de-la-avenida-9-de-julio\/","title":{"rendered":"El 1 de agosto inicia la obra de repavimentaci\u00f3n de la Avenida 9 de Julio"},"content":{"rendered":"<p>El vocero de Gobierno dijo que se trata de &#8220;un pedido de vieja data de los vecinos y vecinas&#8221;.<br \/>\nEste lunes, el ministro de Gobierno y vocero oficial, Juan Manuel Chapo, anunci\u00f3 que desde el 1 de agosto comienza a ejecutarse la obra de repavimentaci\u00f3n de la avenida 9 de Julio. El funcionario dijo que se trata de &#8220;un pedido de vieja data de los vecinos y vecinas&#8221;. La obra, que tendr\u00e1 un plazo de ejecuci\u00f3n de 12 meses, tendr\u00e1 una inversi\u00f3n cercana a los mil millones de pesos y se realizar\u00e1 en tres tramos. El primero va desde Av. 9 de Julio al 2200 hasta el l\u00edmite con Barranqueras, es decir, Avenida Espa\u00f1a. El segundo tramo ser\u00e1 desde el ingreso a Barranqueras (Avenida Espa\u00f1a) hasta avenida Gaboto. El tercer tramo, conectar\u00e1 la calle N\u00b0 25 (Lynch Arrib\u00e1lzaga), desde 9 de julio hasta la Avenida Castello. El ministro asegur\u00f3 que esta obra &#8220;va a resolver la conectividad vial entre Resistencia y Barranqueras&#8221;, y que implicar\u00e1, no s\u00f3lo la repavimentaci\u00f3n, sino la iluminaci\u00f3n, bacheo y recuperaci\u00f3n de espacios verdes.<br \/>\n<<a href=\"http:\/\/www.avg.com\/email-signature?utm_medium=email&#038;utm_source=link&#038;utm_campaign=sig-email&#038;utm_content=webmail\">www.avg.com\/email-signature?utm_medium=email&amp;utm_source=link&amp;utm_campaign=sig-email&amp;utm_content=webmail<\/a>> Libre de virus.www.avg.com <<a href=\"http:\/\/www.avg.com\/email-signature?utm_medium=email&#038;utm_source=link&#038;utm_campaign=sig-email&#038;utm_content=webmail\">www.avg.com\/email-signature?utm_medium=email&amp;utm_source=link&amp;utm_campaign=sig-email&amp;utm_content=webmail<\/a>> <#DAB4FAD8-2DD7-40BB-A1B8-4E2AA1F9FDF2><\/p>\n","protected":false},"excerpt":{"rendered":"<p>El vocero de Gobierno dijo que se trata de &#8220;un pedido de vieja data de los vecinos y vecinas&#8221;. Este lunes, el ministro de Gobierno y vocero oficial, Juan Manuel Chapo, anunci\u00f3 que desde el 1 de agosto comienza a ejecutarse la obra de repavimentaci\u00f3n de la avenida 9 de Julio. El funcionario dijo que [&hellip;]<\/p>\n","protected":false},"author":1,"featured_media":23913,"comment_status":"closed","ping_status":"closed","sticky":false,"template":"","format":"standard","meta":{"footnotes":""},"categories":[6],"tags":[],"class_list":{"0":"post-23912","1":"post","2":"type-post","3":"status-publish","4":"format-standard","5":"has-post-thumbnail","7":"category-chaco"},"_links":{"self":[{"href":"https:\/\/chacosintesis.com.ar\/index.php\/wp-json\/wp\/v2\/posts\/23912","targetHints":{"allow":["GET"]}}],"collection":[{"href":"https:\/\/chacosintesis.com.ar\/index.php\/wp-json\/wp\/v2\/posts"}],"about":[{"href":"https:\/\/chacosintesis.com.ar\/index.php\/wp-json\/wp\/v2\/types\/post"}],"author":[{"embeddable":true,"href":"https:\/\/chacosintesis.com.ar\/index.php\/wp-json\/wp\/v2\/users\/1"}],"replies":[{"embeddable":true,"href":"https:\/\/chacosintesis.com.ar\/index.php\/wp-json\/wp\/v2\/comments?post=23912"}],"version-history":[{"count":0,"href":"https:\/\/chacosintesis.com.ar\/index.php\/wp-json\/wp\/v2\/posts\/23912\/revisions"}],"wp:featuredmedia":[{"embeddable":true,"href":"https:\/\/chacosintesis.com.ar\/index.php\/wp-json\/wp\/v2\/media\/23913"}],"wp:attachment":[{"href":"https:\/\/chacosintesis.com.ar\/index.php\/wp-json\/wp\/v2\/media?parent=23912"}],"wp:term":[{"taxonomy":"category","embeddable":true,"href":"https:\/\/chacosintesis.com.ar\/index.php\/wp-json\/wp\/v2\/categories?post=23912"},{"taxonomy":"post_tag","embeddable":true,"href":"https:\/\/chacosintesis.com.ar\/index.php\/wp-json\/wp\/v2\/tags?post=23912"}],"curies":[{"name":"wp","href":"https:\/\/api.w.org\/{rel}","templated":true}]}}