{"id":23890,"date":"2023-07-17T14:40:52","date_gmt":"2023-07-17T17:40:52","guid":{"rendered":"https:\/\/chacosintesis.com.ar\/?p=23890"},"modified":"2023-07-17T15:08:35","modified_gmt":"2023-07-17T18:08:35","slug":"el-gobernador-se-reunio-con-el-sector-hotelero-y-gastronomico-para-trabajar-en-el-fomento-del-turismo-chaqueno","status":"publish","type":"post","link":"https:\/\/chacosintesis.com.ar\/index.php\/el-gobernador-se-reunio-con-el-sector-hotelero-y-gastronomico-para-trabajar-en-el-fomento-del-turismo-chaqueno\/","title":{"rendered":"El gobernador se reuni\u00f3 con el sector hotelero y gastron\u00f3mico para trabajar en el fomento del turismo chaque\u00f1o"},"content":{"rendered":"<p>Este lunes, el primer mandatario provincial escuch\u00f3 las demandas del sector. El gobernador Jorge Capitanich se reuni\u00f3 este lunes con empresarios y empresarias hoteleras y gastron\u00f3micas de la provincia. En sus redes sociales, el primer mandatario provincial manifest\u00f3 que quienes participaron de la reuni\u00f3n le trasnmitieron sus demandas y necesidades &#8220;para avanzar con una agenda de trabajo que promueva el desarrollo de un sector que es un motor de la econom\u00eda chaque\u00f1a.&#8221; Entre los temas que se abordaron se encuentra la tarifa energ\u00e9tica, las estrategias para regular la oferta de alojamientos tur\u00edsticos temporarios a trav\u00e9s de una ley y mecanismos para facilitar el acceso a cr\u00e9ditos para peque\u00f1os y medianos empresarios y empresarias. &#8220;Es nuestro compromiso acompa\u00f1arlos porque son claves para la generaci\u00f3n de puestos de trabajo, para fomentar el turismo en el Chaco y dinamizar la econom\u00eda del empleo&#8221;, expres\u00f3 el gobernador.<br \/>\n<<a href=\"http:\/\/www.avg.com\/email-signature?utm_medium=email&#038;utm_source=link&#038;utm_campaign=sig-email&#038;utm_content=webmail\">www.avg.com\/email-signature?utm_medium=email&amp;utm_source=link&amp;utm_campaign=sig-email&amp;utm_content=webmail<\/a>> Libre de virus.www.avg.com <<a href=\"http:\/\/www.avg.com\/email-signature?utm_medium=email&#038;utm_source=link&#038;utm_campaign=sig-email&#038;utm_content=webmail\">www.avg.com\/email-signature?utm_medium=email&amp;utm_source=link&amp;utm_campaign=sig-email&amp;utm_content=webmail<\/a>> <#DAB4FAD8-2DD7-40BB-A1B8-4E2AA1F9FDF2><\/p>\n","protected":false},"excerpt":{"rendered":"<p>Este lunes, el primer mandatario provincial escuch\u00f3 las demandas del sector. El gobernador Jorge Capitanich se reuni\u00f3 este lunes con empresarios y empresarias hoteleras y gastron\u00f3micas de la provincia. En sus redes sociales, el primer mandatario provincial manifest\u00f3 que quienes participaron de la reuni\u00f3n le trasnmitieron sus demandas y necesidades &#8220;para avanzar con una agenda [&hellip;]<\/p>\n","protected":false},"author":1,"featured_media":23891,"comment_status":"closed","ping_status":"closed","sticky":false,"template":"","format":"standard","meta":{"footnotes":""},"categories":[6],"tags":[],"class_list":{"0":"post-23890","1":"post","2":"type-post","3":"status-publish","4":"format-standard","5":"has-post-thumbnail","7":"category-chaco"},"_links":{"self":[{"href":"https:\/\/chacosintesis.com.ar\/index.php\/wp-json\/wp\/v2\/posts\/23890","targetHints":{"allow":["GET"]}}],"collection":[{"href":"https:\/\/chacosintesis.com.ar\/index.php\/wp-json\/wp\/v2\/posts"}],"about":[{"href":"https:\/\/chacosintesis.com.ar\/index.php\/wp-json\/wp\/v2\/types\/post"}],"author":[{"embeddable":true,"href":"https:\/\/chacosintesis.com.ar\/index.php\/wp-json\/wp\/v2\/users\/1"}],"replies":[{"embeddable":true,"href":"https:\/\/chacosintesis.com.ar\/index.php\/wp-json\/wp\/v2\/comments?post=23890"}],"version-history":[{"count":0,"href":"https:\/\/chacosintesis.com.ar\/index.php\/wp-json\/wp\/v2\/posts\/23890\/revisions"}],"wp:featuredmedia":[{"embeddable":true,"href":"https:\/\/chacosintesis.com.ar\/index.php\/wp-json\/wp\/v2\/media\/23891"}],"wp:attachment":[{"href":"https:\/\/chacosintesis.com.ar\/index.php\/wp-json\/wp\/v2\/media?parent=23890"}],"wp:term":[{"taxonomy":"category","embeddable":true,"href":"https:\/\/chacosintesis.com.ar\/index.php\/wp-json\/wp\/v2\/categories?post=23890"},{"taxonomy":"post_tag","embeddable":true,"href":"https:\/\/chacosintesis.com.ar\/index.php\/wp-json\/wp\/v2\/tags?post=23890"}],"curies":[{"name":"wp","href":"https:\/\/api.w.org\/{rel}","templated":true}]}}