{"id":23886,"date":"2023-07-17T14:38:32","date_gmt":"2023-07-17T17:38:32","guid":{"rendered":"https:\/\/chacosintesis.com.ar\/?p=23886"},"modified":"2023-07-17T14:40:18","modified_gmt":"2023-07-17T17:40:18","slug":"capitanich-diagramo-obras-para-barrios-de-fontana","status":"publish","type":"post","link":"https:\/\/chacosintesis.com.ar\/index.php\/capitanich-diagramo-obras-para-barrios-de-fontana\/","title":{"rendered":"Capitanich diagram\u00f3 obras para barrios de Fontana"},"content":{"rendered":"<p>Acordaron avanzar con obras de pavimento, viviendas, iluminaci\u00f3n, cloacas y desag\u00fces, en tanto que diagramaron acciones para mejorar la seguridad en diferentes zonas. Adem\u00e1s, destacaron los proyectos en marcha para la generaci\u00f3n de empleos.<br \/>\nEn Fontana, el gobernador Jorge Capitanich, acompa\u00f1ado del senador nacional Antonio Rodas, se reuni\u00f3 con vecinas y vecinos de diferentes barrios, con el objetivo de escuchar propuestas y necesidades de la comunidad y para diagramar acciones y trabajos para ejecutarse en la localidad. M\u00e1s obras de pavimento urbano, soluciones habitacionales, iluminaci\u00f3n y redes cloacales fueron algunos de los temas abordados y acordados, as\u00ed como acciones para mejorar la seguridad ciudadana. \u201cA partir de un encuentro con los distintos barrios de Fontana, nos reunimos con el objeto de atender necesidades que nos plantean y nos llevamos un plan concreto para trabajar a fin de mejorar la calidad de vida de las y los vecinos\u201d, asegur\u00f3 Capitanich. Durante el encuentro, del que participaron vecinas y vecinos de los barrios 444 Viviendas, 506 Viviendas, Banderas Argentinas, Malvinas Argentinas, Balastro I, Barrio Independencia, 120 Viviendas, entre otros, abordaron cuestiones relacionadas al mejoramiento habitacional, analizaron las obras de pavimento que se est\u00e1n ejecutando, las pr\u00f3ximas a iniciarse, iluminaci\u00f3n y el desarrollo de obras complementarias, como cloacas y desag\u00fces. En materia de seguridad, desde el Gobierno, se propuso sumar el refuerzo de la Polic\u00eda de la Provincia, para trabajar espec\u00edficamente en barrios puntuales, en tanto que se analiz\u00f3 la posibilidad de contar con la presencia de Gendarmer\u00eda Nacional en algunos sectores. En este punto, el senador Rodas anunci\u00f3 que acercar\u00e1 la propuesta al ministro de Seguridad de la Naci\u00f3n, An\u00edbal Fern\u00e1ndez, para lograr un convenio entre Naci\u00f3n y Provincia, a fin de que el patrullaje de Gendarmer\u00eda llegue a Fontana.<\/p>\n<p>M\u00e1s empleo y desarrollo para Fontana<br \/>\n Capitanich se refiri\u00f3 a las m\u00faltiples obras que se est\u00e1n ejecutando en la localidad, por ejemplo, las referidas al Polo Tecnol\u00f3gico, la instalaci\u00f3n de la empresa Kanji, un Call- Center que funcionar\u00e1 en una primera etapa con 120 personas y alcanzar\u00e1 a 250. Tambi\u00e9n, se refiri\u00f3 a la obra de ampliaci\u00f3n de la avenida 25 de Mayo, proyecto que est\u00e1 en proceso de aprobaci\u00f3n por parte de la Confederaci\u00f3n Andina de Fomento. A su turno, el senador Nacional, Antonio Rodas remarc\u00f3 que la obra de ampliaci\u00f3n de la avenida 25 de Mayo \u201cbeneficiar\u00e1 enormemente a la comunidad de Fontana y es con ese objetivo que seguimos trabajando en m\u00e1s obras y proyectos\u201d, dijo. En materia de empleo, citando a las empresas Kanji y el Call-Center, se\u00f1al\u00f3 que \u201cdar\u00e1n un empuje importante para la zona, por eso celebro que Fontana tiene un piso alto y no tiene techo\u201d, expres\u00f3 y agreg\u00f3 que esto se debe a la llegada del gobernador Capitanich a la provincia, \u201cel alma mater de este equipo que empuja todas estas transformaciones\u201d, expres\u00f3. A su turno, la vecina Blanca Castro agradeci\u00f3 la visita de Capitanich, porque \u201ces muy positivo para nosotros como ciudadanos y ciudadanas de Fontana trabajar con el gobernador en cuestiones relacionadas a la seguridad, alumbrado p\u00fablico, entre otros y por eso, celebro la gesti\u00f3n y las obras que se est\u00e1n haciendo. Fue una reuni\u00f3n muy positiva\u201d, finaliz\u00f3.<\/p>\n<p><<a href=\"http:\/\/www.avg.com\/email-signature?utm_medium=email&#038;utm_source=link&#038;utm_campaign=sig-email&#038;utm_content=webmail\">www.avg.com\/email-signature?utm_medium=email&amp;utm_source=link&amp;utm_campaign=sig-email&amp;utm_content=webmail<\/a>> Libre de virus.www.avg.com <<a href=\"http:\/\/www.avg.com\/email-signature?utm_medium=email&#038;utm_source=link&#038;utm_campaign=sig-email&#038;utm_content=webmail\">www.avg.com\/email-signature?utm_medium=email&amp;utm_source=link&amp;utm_campaign=sig-email&amp;utm_content=webmail<\/a>> <#DAB4FAD8-2DD7-40BB-A1B8-4E2AA1F9FDF2><\/p>\n","protected":false},"excerpt":{"rendered":"<p>Acordaron avanzar con obras de pavimento, viviendas, iluminaci\u00f3n, cloacas y desag\u00fces, en tanto que diagramaron acciones para mejorar la seguridad en diferentes zonas. Adem\u00e1s, destacaron los proyectos en marcha para la generaci\u00f3n de empleos. En Fontana, el gobernador Jorge Capitanich, acompa\u00f1ado del senador nacional Antonio Rodas, se reuni\u00f3 con vecinas y vecinos de diferentes barrios, [&hellip;]<\/p>\n","protected":false},"author":1,"featured_media":23887,"comment_status":"closed","ping_status":"closed","sticky":false,"template":"","format":"standard","meta":{"footnotes":""},"categories":[6],"tags":[],"class_list":{"0":"post-23886","1":"post","2":"type-post","3":"status-publish","4":"format-standard","5":"has-post-thumbnail","7":"category-chaco"},"_links":{"self":[{"href":"https:\/\/chacosintesis.com.ar\/index.php\/wp-json\/wp\/v2\/posts\/23886","targetHints":{"allow":["GET"]}}],"collection":[{"href":"https:\/\/chacosintesis.com.ar\/index.php\/wp-json\/wp\/v2\/posts"}],"about":[{"href":"https:\/\/chacosintesis.com.ar\/index.php\/wp-json\/wp\/v2\/types\/post"}],"author":[{"embeddable":true,"href":"https:\/\/chacosintesis.com.ar\/index.php\/wp-json\/wp\/v2\/users\/1"}],"replies":[{"embeddable":true,"href":"https:\/\/chacosintesis.com.ar\/index.php\/wp-json\/wp\/v2\/comments?post=23886"}],"version-history":[{"count":0,"href":"https:\/\/chacosintesis.com.ar\/index.php\/wp-json\/wp\/v2\/posts\/23886\/revisions"}],"wp:featuredmedia":[{"embeddable":true,"href":"https:\/\/chacosintesis.com.ar\/index.php\/wp-json\/wp\/v2\/media\/23887"}],"wp:attachment":[{"href":"https:\/\/chacosintesis.com.ar\/index.php\/wp-json\/wp\/v2\/media?parent=23886"}],"wp:term":[{"taxonomy":"category","embeddable":true,"href":"https:\/\/chacosintesis.com.ar\/index.php\/wp-json\/wp\/v2\/categories?post=23886"},{"taxonomy":"post_tag","embeddable":true,"href":"https:\/\/chacosintesis.com.ar\/index.php\/wp-json\/wp\/v2\/tags?post=23886"}],"curies":[{"name":"wp","href":"https:\/\/api.w.org\/{rel}","templated":true}]}}