{"id":23877,"date":"2023-07-17T09:12:47","date_gmt":"2023-07-17T12:12:47","guid":{"rendered":"https:\/\/chacosintesis.com.ar\/?p=23877"},"modified":"2023-07-17T09:40:02","modified_gmt":"2023-07-17T12:40:02","slug":"detienen-al-camionero-chaqueno-que-protagonizo-el-siniestro-donde-fallecieron-la-madre-y-la-hermana-de-elias-gomez","status":"publish","type":"post","link":"https:\/\/chacosintesis.com.ar\/index.php\/detienen-al-camionero-chaqueno-que-protagonizo-el-siniestro-donde-fallecieron-la-madre-y-la-hermana-de-elias-gomez\/","title":{"rendered":"Detienen al camionero chaque\u00f1o que protagoniz\u00f3 el siniestro donde fallecieron la madre y la hermana de El\u00edas G\u00f3mez"},"content":{"rendered":"<p>Tras el festejo del t\u00edtulo de la Liga Profesional obtenido el s\u00e1bado, ahora River vive un momento de dolor y luto porque el defensor El\u00edas G\u00f3mez sufri\u00f3 el fallecimiento de su madre, Zunilda, y su hermana, Melani, en un accidente automovil\u00edstico en la autopista Rosario-Buenos Aires a la altura de Ramallo, cuando fueron embestidas por un cami\u00f3n que hizo una maniobra indebida.<br \/>\nMala maniobra<br \/>\nEl conductor del cami\u00f3n, oriundo de Chaco, qued\u00f3 detenido por orden de la Justicia de San Nicol\u00e1s por haber girado en U en medio de la autopista, lo que caus\u00f3 el accidente y el fallecimiento de las familiares del futbolista de River.<br \/>\n Las condolencias de River para El\u00edas G\u00f3mez<br \/>\n River y Rosario Central, instituciones que est\u00e1n presentes en la carrera de El\u00edas G\u00f3mez, enviaron emotivos mensajes de condolencias para el futbolista y para toda su familia en este duro momento.<br \/>\n&#8220;Abrazamos y acompa\u00f1amos en el dolor a nuestro jugador El\u00edas G\u00f3mez ante la lamentable noticia del fallecimiento de su madre Zunilda y de su hermana Melani en un accidente&#8221;, escribi\u00f3 el club de N\u00fa\u00f1ez en su cuenta de Twitter, y agreg\u00f3: &#8220;Fuerza, El\u00edas. Todo River est\u00e1 con vos&#8221;.<br \/>\n &#8220;El club acompa\u00f1a en este momento de profundo dolor a nuestro ex jugador El\u00edas G\u00f3mez y a Rosana G\u00f3mez, quien visti\u00f3 nuestra camiseta y fue DT del Femenino canalla, frente al fallecimiento de su madre Zunilda y su hermana Melani en un accidente automovil\u00edstico&#8221;, redact\u00f3 Rosario Central, club por donde pas\u00f3 entre 2017 y 2019.<\/p>\n<p>DIARIO NORTE.-<\/p>\n","protected":false},"excerpt":{"rendered":"<p>Tras el festejo del t\u00edtulo de la Liga Profesional obtenido el s\u00e1bado, ahora River vive un momento de dolor y luto porque el defensor El\u00edas G\u00f3mez sufri\u00f3 el fallecimiento de su madre, Zunilda, y su hermana, Melani, en un accidente automovil\u00edstico en la autopista Rosario-Buenos Aires a la altura de Ramallo, cuando fueron embestidas por [&hellip;]<\/p>\n","protected":false},"author":1,"featured_media":23878,"comment_status":"closed","ping_status":"closed","sticky":false,"template":"","format":"standard","meta":{"footnotes":""},"categories":[6],"tags":[197],"class_list":{"0":"post-23877","1":"post","2":"type-post","3":"status-publish","4":"format-standard","5":"has-post-thumbnail","7":"category-chaco","8":"tag-destacada"},"_links":{"self":[{"href":"https:\/\/chacosintesis.com.ar\/index.php\/wp-json\/wp\/v2\/posts\/23877","targetHints":{"allow":["GET"]}}],"collection":[{"href":"https:\/\/chacosintesis.com.ar\/index.php\/wp-json\/wp\/v2\/posts"}],"about":[{"href":"https:\/\/chacosintesis.com.ar\/index.php\/wp-json\/wp\/v2\/types\/post"}],"author":[{"embeddable":true,"href":"https:\/\/chacosintesis.com.ar\/index.php\/wp-json\/wp\/v2\/users\/1"}],"replies":[{"embeddable":true,"href":"https:\/\/chacosintesis.com.ar\/index.php\/wp-json\/wp\/v2\/comments?post=23877"}],"version-history":[{"count":0,"href":"https:\/\/chacosintesis.com.ar\/index.php\/wp-json\/wp\/v2\/posts\/23877\/revisions"}],"wp:featuredmedia":[{"embeddable":true,"href":"https:\/\/chacosintesis.com.ar\/index.php\/wp-json\/wp\/v2\/media\/23878"}],"wp:attachment":[{"href":"https:\/\/chacosintesis.com.ar\/index.php\/wp-json\/wp\/v2\/media?parent=23877"}],"wp:term":[{"taxonomy":"category","embeddable":true,"href":"https:\/\/chacosintesis.com.ar\/index.php\/wp-json\/wp\/v2\/categories?post=23877"},{"taxonomy":"post_tag","embeddable":true,"href":"https:\/\/chacosintesis.com.ar\/index.php\/wp-json\/wp\/v2\/tags?post=23877"}],"curies":[{"name":"wp","href":"https:\/\/api.w.org\/{rel}","templated":true}]}}