{"id":23848,"date":"2023-07-09T15:47:00","date_gmt":"2023-07-09T18:47:00","guid":{"rendered":"https:\/\/chacosintesis.com.ar\/?p=23848"},"modified":"2023-07-16T16:08:33","modified_gmt":"2023-07-16T19:08:33","slug":"eli-cuesta-visito-el-asentamiento-campo-zampa-y-dialogo-con-emprendedoras-barriales","status":"publish","type":"post","link":"https:\/\/chacosintesis.com.ar\/index.php\/eli-cuesta-visito-el-asentamiento-campo-zampa-y-dialogo-con-emprendedoras-barriales\/","title":{"rendered":"Eli Cuesta visit\u00f3 el asentamiento Campo Zampa y dialog\u00f3 con emprendedoras barriales"},"content":{"rendered":"\n<p>Con el objetivo de mantener un contacto directo con las y los vecinos de Resistencia, la candidata a intendenta, Elida Cuesta, visit\u00f3 el centro comunitario La F\u00e1brica de Sue\u00f1os, en el asentamiento Campo Zampa, donde dialog\u00f3 con emprendedoras de la zona sur para interiorizarse sobre la importante labor que realizan diariamente, para capacitar y facilitar las herramientas necesarias para que puedan comercializar sus productos.<br>Tras el encuentro, la titular legislativa destac\u00f3 el trabajo de este grupo de mujeres que se autogestiona y genera empleo con este proyecto comunitario. \u201cTenemos que visibilizar este tipo de actividades en los barrios ya que son sumamente importantes porque brindan una salida econ\u00f3mica a cientos de familias\u201d, agreg\u00f3.<br>Por otro lado, Cuesta asegur\u00f3 que continuar\u00e1 acompa\u00f1ando a estas mujeres para facilitar su crecimiento a trav\u00e9s de pol\u00edticas p\u00fablicas que implementar\u00e1 desde el municipio para incentivar al sector. \u201cNo est\u00e1n solas, vamos a seguir cerca de las y los resistencianos para escucharlos, para continuar con los programas exitosos que lleva adelante el municipio actualmente y mejorar la calidad de vida de los que menos tienen\u201d, concluy\u00f3 la candidata a intendenta capitalina.<\/p>\n\n\n\n<p>\u201cEs muy bueno no sentirnos solas\u201d<br>Yanina Ju\u00e1rez, del centro comunitario La F\u00e1brica de Sue\u00f1os, resalt\u00f3 su agradecimiento por el apoyo recibido por Elida Cuesta y remarc\u00f3 la necesidad de visibilizar esta gran tarea que llevan adelante emprendedoras y emprendedores de distintos barrios de la zona sur. \u201cEs muy bueno no sentirnos solas y estar contenidas, porque esto incentiva a seguir por la senda del trabajo para que cientos de familias salgan adelante\u201d, finaliz\u00f3 la titular de la fundaci\u00f3n.<\/p>\n","protected":false},"excerpt":{"rendered":"<p>Con el objetivo de mantener un contacto directo con las y los vecinos de Resistencia, la candidata a intendenta, Elida Cuesta, visit\u00f3 el centro comunitario La F\u00e1brica de Sue\u00f1os, en el asentamiento Campo Zampa, donde dialog\u00f3 con emprendedoras de la zona sur para interiorizarse sobre la importante labor que realizan diariamente, para capacitar y facilitar [&hellip;]<\/p>\n","protected":false},"author":1,"featured_media":23849,"comment_status":"closed","ping_status":"closed","sticky":false,"template":"","format":"standard","meta":{"footnotes":""},"categories":[6],"tags":[202],"class_list":{"0":"post-23848","1":"post","2":"type-post","3":"status-publish","4":"format-standard","5":"has-post-thumbnail","7":"category-chaco","8":"tag-legislatura"},"_links":{"self":[{"href":"https:\/\/chacosintesis.com.ar\/index.php\/wp-json\/wp\/v2\/posts\/23848","targetHints":{"allow":["GET"]}}],"collection":[{"href":"https:\/\/chacosintesis.com.ar\/index.php\/wp-json\/wp\/v2\/posts"}],"about":[{"href":"https:\/\/chacosintesis.com.ar\/index.php\/wp-json\/wp\/v2\/types\/post"}],"author":[{"embeddable":true,"href":"https:\/\/chacosintesis.com.ar\/index.php\/wp-json\/wp\/v2\/users\/1"}],"replies":[{"embeddable":true,"href":"https:\/\/chacosintesis.com.ar\/index.php\/wp-json\/wp\/v2\/comments?post=23848"}],"version-history":[{"count":0,"href":"https:\/\/chacosintesis.com.ar\/index.php\/wp-json\/wp\/v2\/posts\/23848\/revisions"}],"wp:featuredmedia":[{"embeddable":true,"href":"https:\/\/chacosintesis.com.ar\/index.php\/wp-json\/wp\/v2\/media\/23849"}],"wp:attachment":[{"href":"https:\/\/chacosintesis.com.ar\/index.php\/wp-json\/wp\/v2\/media?parent=23848"}],"wp:term":[{"taxonomy":"category","embeddable":true,"href":"https:\/\/chacosintesis.com.ar\/index.php\/wp-json\/wp\/v2\/categories?post=23848"},{"taxonomy":"post_tag","embeddable":true,"href":"https:\/\/chacosintesis.com.ar\/index.php\/wp-json\/wp\/v2\/tags?post=23848"}],"curies":[{"name":"wp","href":"https:\/\/api.w.org\/{rel}","templated":true}]}}