{"id":23793,"date":"2023-07-15T10:45:21","date_gmt":"2023-07-15T13:45:21","guid":{"rendered":"https:\/\/chacosintesis.com.ar\/?p=23793"},"modified":"2023-07-15T11:06:58","modified_gmt":"2023-07-15T14:06:58","slug":"charata-130-familias-recibieron-el-titulo-de-propiedad-de-sus-viviendas","status":"publish","type":"post","link":"https:\/\/chacosintesis.com.ar\/index.php\/charata-130-familias-recibieron-el-titulo-de-propiedad-de-sus-viviendas\/","title":{"rendered":"Charata: 130 familias recibieron el t\u00edtulo de propiedad de sus viviendas"},"content":{"rendered":"<p>Los documentos permitir\u00e1n garantizar seguridad jur\u00eddica y calidad habitacional para vecinas y vecinos de 12 barrios de la localidad. Adem\u00e1s, el gobernador visit\u00f3 la Radio LT43 Mocov\u00ed local, en motivo de su 50\u00b0 aniversario.<\/p>\n<p>El gobernador Jorge Capitanich entreg\u00f3 este viernes 130 nuevos t\u00edtulos de propiedad urbanas destinadas a familias de Charata, como parte de las pol\u00edticas de regularizaci\u00f3n, desarrollo urbano y ordenamiento territorial que impulsa el Gobierno provincial. \u201cEsto nos genera una enorme felicidad porque no solamente se brinda seguridad jur\u00eddica a sus due\u00f1os, sino que tambi\u00e9n promueve el arraigo y consolida la familia\u201d, subray\u00f3 el mandatario.<br \/>\nEl acto se realiz\u00f3 en el club Uni\u00f3n Espa\u00f1ola de la localidad, donde el jefe del Ejecutivo encabez\u00f3 la entrega de las escrituras traslativas de dominio para 12 barrios.<br \/>\nDirigi\u00e9ndose a los vecinos, el mandatario expres\u00f3 que el t\u00edtulo de propiedad \u201ces importante porque es una reivindicaci\u00f3n hist\u00f3rica y el legado para sus hijos y sus nietos. No solamente es el final de una serie de pagos por la vivienda, sino que tambi\u00e9n es el cumplimiento de una meta que nos pusimos durante nuestro Gobierno, para garantizar m\u00e1s derechos a los leg\u00edtimos due\u00f1os\u201d, subray\u00f3.<br \/>\nEsta nueva entrega se suma a los m\u00e1s de 6.000 t\u00edtulos ya otorgados durante la actual gesti\u00f3n a lo largo de la provincia, garantizando as\u00ed para las personas certificar la leg\u00edtima posesi\u00f3n de sus viviendas, protegiendo jur\u00eddicamente al due\u00f1o y generando un legado permanente para la familia. La meta entre 2019 y 2023 es alcanzar los 12.000.<\/p>\n<p>Adem\u00e1s, Capitanich tambi\u00e9n aprovech\u00f3 la oportunidad para anunciar que se pondr\u00e1 en marcha la ejecuci\u00f3n de otras 189 nuevas viviendas a trav\u00e9s del programa Casa Propia. \u201cEso es muy importante para Charata, porque reduce el d\u00e9ficit habitacional, genera empleo y mano de obra para trabajar toda la cadena de valor del \u00e1rea de la construcci\u00f3n, y estimula la econom\u00eda del pueblo\u201d, ratific\u00f3.<br \/>\nAl respecto, el presidente del Instituto de Desarrollo Urbano y Vivienda (IPDUV), Diego Ar\u00e9valo, resalt\u00f3 que \u201cno solamente se trata de construir, sino tambi\u00e9n de dar certeza y seguridad al derecho a la vivienda. Estamos haciendo un proceso muy intenso para cerrar el ciclo, para que las familias sigan eligiendo a Chaco como lugar para establecerse definitivamente\u201d.<br \/>\nFinalmente, uno de los beneficiarios, Hugo Barraza, agradeci\u00f3 a las autoridades por el t\u00edtulo que recibi\u00f3: \u201cestamos muy contentos con mi familia. Anoche ten\u00eda la sensaci\u00f3n de todav\u00eda estar durmiendo en casa ajena, pero hoy puedo decir que finalmente es mi hogar\u201d.<br \/>\nEstuvieron presentes la intendenta de Charata, Alejandra Campos; los vocales del Instituto de Desarrollo Urbano y Vivienda, Mariano Brahim y Mirko Nicolich; y la diputada nacional, Mar\u00eda Luisa Chomiak.<br \/>\n Aniversario de Radio Mocov\u00ed<br \/>\nDurante su paso por Charata, Capitanich visit\u00f3 la Radio LT43 Mocov\u00ed como parte de los festejos por el 50\u00b0 aniversario del medio. \u201cQuiero felicitar a todos los trabajadores porque son el basamento m\u00e1s profundo de la democracia, quienes garantizan e inspiran a trav\u00e9s de la comunicaci\u00f3n a construir un mejor Chaco\u201d, sostuvo el gobernador, quien tambi\u00e9n entreg\u00f3 reconocimientos a ex empleados, jubilados y plantilla actual de la empresa.<br \/>\nRadio Mocov\u00ed fue inaugurada un 7 de julio de 1973, pero tiene sus comienzos algunos a\u00f1os atr\u00e1s, a mediados de la d\u00e9cada del 60, en pleno auge de las comunicaciones radioel\u00e9ctricas que empezaron a conformar el espectro radial en todo el territorio argentino. Su gestor e ide\u00f3logo fue Tratis Ram\u00f3n Politis, y concret\u00f3 ante el Consejo Nacional de Radio y Televisi\u00f3n lo que ser\u00eda la tercera emisora de amplitud modulada de la provincia del Chaco.<br \/>\nEn la actualidad, la emisora emplea a m\u00e1s de 20 trabajadores y trabajadoras entre el \u00e1rea de administraci\u00f3n, publicidad, locutores, operadores, programadores y corresponsales, siendo su directora Lola Herrero de Politis. Durante la pandemia se extendi\u00f3 al mundo con su se\u00f1al de streaming en su p\u00e1gina web.<\/p>\n","protected":false},"excerpt":{"rendered":"<p>Los documentos permitir\u00e1n garantizar seguridad jur\u00eddica y calidad habitacional para vecinas y vecinos de 12 barrios de la localidad. Adem\u00e1s, el gobernador visit\u00f3 la Radio LT43 Mocov\u00ed local, en motivo de su 50\u00b0 aniversario. El gobernador Jorge Capitanich entreg\u00f3 este viernes 130 nuevos t\u00edtulos de propiedad urbanas destinadas a familias de Charata, como parte de [&hellip;]<\/p>\n","protected":false},"author":1,"featured_media":23794,"comment_status":"closed","ping_status":"closed","sticky":false,"template":"","format":"standard","meta":{"footnotes":""},"categories":[6],"tags":[],"class_list":{"0":"post-23793","1":"post","2":"type-post","3":"status-publish","4":"format-standard","5":"has-post-thumbnail","7":"category-chaco"},"_links":{"self":[{"href":"https:\/\/chacosintesis.com.ar\/index.php\/wp-json\/wp\/v2\/posts\/23793","targetHints":{"allow":["GET"]}}],"collection":[{"href":"https:\/\/chacosintesis.com.ar\/index.php\/wp-json\/wp\/v2\/posts"}],"about":[{"href":"https:\/\/chacosintesis.com.ar\/index.php\/wp-json\/wp\/v2\/types\/post"}],"author":[{"embeddable":true,"href":"https:\/\/chacosintesis.com.ar\/index.php\/wp-json\/wp\/v2\/users\/1"}],"replies":[{"embeddable":true,"href":"https:\/\/chacosintesis.com.ar\/index.php\/wp-json\/wp\/v2\/comments?post=23793"}],"version-history":[{"count":0,"href":"https:\/\/chacosintesis.com.ar\/index.php\/wp-json\/wp\/v2\/posts\/23793\/revisions"}],"wp:featuredmedia":[{"embeddable":true,"href":"https:\/\/chacosintesis.com.ar\/index.php\/wp-json\/wp\/v2\/media\/23794"}],"wp:attachment":[{"href":"https:\/\/chacosintesis.com.ar\/index.php\/wp-json\/wp\/v2\/media?parent=23793"}],"wp:term":[{"taxonomy":"category","embeddable":true,"href":"https:\/\/chacosintesis.com.ar\/index.php\/wp-json\/wp\/v2\/categories?post=23793"},{"taxonomy":"post_tag","embeddable":true,"href":"https:\/\/chacosintesis.com.ar\/index.php\/wp-json\/wp\/v2\/tags?post=23793"}],"curies":[{"name":"wp","href":"https:\/\/api.w.org\/{rel}","templated":true}]}}