{"id":23791,"date":"2023-07-14T22:32:22","date_gmt":"2023-07-15T01:32:22","guid":{"rendered":"https:\/\/chacosintesis.com.ar\/?p=23791"},"modified":"2023-07-14T22:36:40","modified_gmt":"2023-07-15T01:36:40","slug":"resistencia-educacion-interviene-en-una-escuela-secundaria-por-presunto-caso-de-abuso","status":"publish","type":"post","link":"https:\/\/chacosintesis.com.ar\/index.php\/resistencia-educacion-interviene-en-una-escuela-secundaria-por-presunto-caso-de-abuso\/","title":{"rendered":"Resistencia: Educaci\u00f3n interviene en una escuela secundaria por presunto caso de abuso"},"content":{"rendered":"<p>La cartera educativa provincial intercede para contener y acompa\u00f1ar a una alumna que denunci\u00f3 ser v\u00edctima de abuso por parte de dos estudiantes.<br \/>\nEl Ministerio de Educaci\u00f3n, Cultura, Ciencia y Tecnolog\u00eda de la provincia del Chaco intervino con sus equipos para contener y acompa\u00f1ar a una alumna de una escuela secundaria de Resistencia que denunci\u00f3 ser v\u00edctima de abuso por parte de dos estudiantes.<br \/>\nLa situaci\u00f3n fue judicializada y se est\u00e1 actuando en el marco de la Resoluci\u00f3n 1982\/23 Gu\u00eda de Orientaciones para el abordaje integral frente a situaciones complejas relacionadas con la vida escolar.<br \/>\nSe encuentra acompa\u00f1ando esta situaci\u00f3n la Direcci\u00f3n de Bienestar Educativo, la Direcci\u00f3n Regional Educativa 10 A y el equipo de supervisi\u00f3n.<br \/>\nSe articulan acciones junto al Servicio de Adolescencia de la provincia, el Programa de Educaci\u00f3n Sexual Integral y la L\u00ednea de Convivencia Escolar del Ministerio de Educaci\u00f3n.<br \/>\nSi sos v\u00edctima de violencias por motivos de g\u00e9nero, denunci\u00e1<br \/>\n*\u00c1rea Metropolitana de Gran Resistencia: L\u00ednea 137 (gratuita y confidencial)<br \/>\n*Guardia de atenci\u00f3n las 24 horas en toda la provincia: 3624970852 (tambi\u00e9n pueden enviarse mensajes de WhatsApp).<br \/>\n*Guardia de 24 horas en el pa\u00eds: L\u00ednea 144 (gratuita y confidencial)<br \/>\n*Emergencias: L\u00ednea 911<br \/>\nA trav\u00e9s de esas v\u00edas, las v\u00edctimas pueden recibir acompa\u00f1amiento, asesoramiento o hacer una denuncia.<\/p>\n","protected":false},"excerpt":{"rendered":"<p>La cartera educativa provincial intercede para contener y acompa\u00f1ar a una alumna que denunci\u00f3 ser v\u00edctima de abuso por parte de dos estudiantes. El Ministerio de Educaci\u00f3n, Cultura, Ciencia y Tecnolog\u00eda de la provincia del Chaco intervino con sus equipos para contener y acompa\u00f1ar a una alumna de una escuela secundaria de Resistencia que denunci\u00f3 [&hellip;]<\/p>\n","protected":false},"author":1,"featured_media":23792,"comment_status":"closed","ping_status":"closed","sticky":false,"template":"","format":"standard","meta":{"footnotes":""},"categories":[6],"tags":[],"class_list":{"0":"post-23791","1":"post","2":"type-post","3":"status-publish","4":"format-standard","5":"has-post-thumbnail","7":"category-chaco"},"_links":{"self":[{"href":"https:\/\/chacosintesis.com.ar\/index.php\/wp-json\/wp\/v2\/posts\/23791","targetHints":{"allow":["GET"]}}],"collection":[{"href":"https:\/\/chacosintesis.com.ar\/index.php\/wp-json\/wp\/v2\/posts"}],"about":[{"href":"https:\/\/chacosintesis.com.ar\/index.php\/wp-json\/wp\/v2\/types\/post"}],"author":[{"embeddable":true,"href":"https:\/\/chacosintesis.com.ar\/index.php\/wp-json\/wp\/v2\/users\/1"}],"replies":[{"embeddable":true,"href":"https:\/\/chacosintesis.com.ar\/index.php\/wp-json\/wp\/v2\/comments?post=23791"}],"version-history":[{"count":0,"href":"https:\/\/chacosintesis.com.ar\/index.php\/wp-json\/wp\/v2\/posts\/23791\/revisions"}],"wp:featuredmedia":[{"embeddable":true,"href":"https:\/\/chacosintesis.com.ar\/index.php\/wp-json\/wp\/v2\/media\/23792"}],"wp:attachment":[{"href":"https:\/\/chacosintesis.com.ar\/index.php\/wp-json\/wp\/v2\/media?parent=23791"}],"wp:term":[{"taxonomy":"category","embeddable":true,"href":"https:\/\/chacosintesis.com.ar\/index.php\/wp-json\/wp\/v2\/categories?post=23791"},{"taxonomy":"post_tag","embeddable":true,"href":"https:\/\/chacosintesis.com.ar\/index.php\/wp-json\/wp\/v2\/tags?post=23791"}],"curies":[{"name":"wp","href":"https:\/\/api.w.org\/{rel}","templated":true}]}}