{"id":23781,"date":"2023-07-14T18:16:23","date_gmt":"2023-07-14T21:16:23","guid":{"rendered":"https:\/\/chacosintesis.com.ar\/?p=23781"},"modified":"2023-07-14T18:36:51","modified_gmt":"2023-07-14T21:36:51","slug":"las-actividades-para-conmemorar-los-99-anos-de-la-masacre-de-napalpi","status":"publish","type":"post","link":"https:\/\/chacosintesis.com.ar\/index.php\/las-actividades-para-conmemorar-los-99-anos-de-la-masacre-de-napalpi\/","title":{"rendered":"Las actividades para conmemorar los 99 a\u00f1os de la Masacre de Napalp\u00ed"},"content":{"rendered":"<p>El cronograma propuesto por distintas organizaciones y por el gobierno provincial anuncia un acto conmemorativo en el Memorial ubicado en ese paraje ubicado en jurisdicci\u00f3n de Machagai, el mi\u00e9rcoles 19 a las 10, d\u00eda del aniversario.<br \/>\nEl pr\u00f3ximo mi\u00e9rcoles 19 de julio se cumplir\u00e1n 99 a\u00f1os de la Masacre de Napalp\u00ed. Para su conmemoraci\u00f3n, fue anunciado un cronograma de actividades que comenzar\u00e1 ese d\u00eda y continuar\u00e1 el jueves.<br \/>\nAs\u00ed, el mi\u00e9rcoles 19 a las 10 se realizar\u00e1 el acto conmemorativo en el Memorial de Napalp\u00ed, lugar ubicado a ocho kil\u00f3metros de Machagai, donde ocurri\u00f3 la masacre y donde descansan los restos de las y los fusilados del pueblo qom y moqoit, que en 2018 fueron restituidos por el Museo de La Plata. Este acto est\u00e1 organizado por la Comisi\u00f3n del Memorial y consensuado con distintas organizaciones del pueblo qom y moqoit.<br \/>\nLuego, a las 12.30, se realizar\u00e1 la apertura del Encuentro de Artesanos Napalp\u00ed en la plaza central de Colonia Aborigen. El evento est\u00e1 organizado por la Fundaci\u00f3n Despegar y acompa\u00f1ado por el Instituto de Cultura del Chaco.<br \/>\nAl d\u00eda siguiente, el jueves 20 de julio, tendr\u00e1 lugar en Resistencia la jornada de capacitaci\u00f3n sobre \u201cDerechos de los pueblos ind\u00edgenas, buenas pr\u00e1cticas para la actuaci\u00f3n policial desde una perspectiva intercultural\u201d, destinada a las fuerzas de seguridad federales y provinciales.<br \/>\nEsta jornada se realizar\u00e1 de 8.30 a 13.30 en el Sal\u00f3n Montecarlo del Hotel Amerian, y est\u00e1 organizada por el Ministerio de Seguridad de la Naci\u00f3n y el Ministerio de Seguridad y Justicia de la provincia.<\/p>\n<p>El hecho y el juzgamiento en un juicio por la verdad<\/p>\n<p>El 19 de julio del a\u00f1o 1924, un grupo de entre 300 y 500 personas -en su mayor\u00eda integrantes de comunidades qom y moqoit- que realizaban una huelga en reclamo por una justa retribuci\u00f3n por la cosecha de algod\u00f3n, fueron acribilladas por la polic\u00eda y grupos civiles armados que respond\u00edan al gobernador del territorio chaque\u00f1o, Fernando Centeno. La represi\u00f3n continu\u00f3 durante meses con la persecuci\u00f3n a quienes hab\u00edan sobrevivido.<br \/>\nEl jueves 19 de mayo de 2022, en un veredicto que tuvo traducci\u00f3n simult\u00e1nea a las lenguas qom y moqoit, la jueza federal Zunilda Niremperger de Resistencia, resolvi\u00f3 que existi\u00f3 responsabilidad del Estado Nacional en la Masacre de Napalp\u00ed del 19 de julio de 1924 y consider\u00f3 que se trat\u00f3 de cr\u00edmenes de lesa humanidad cometidos en el marco de un proceso de genocidio de los pueblos ind\u00edgenas.<br \/>\nEl juicio por la verdad tuvo lugar casi 98 a\u00f1os despu\u00e9s de los hechos. En la sentencia, se declar\u00f3 como probados los delitos de homicidio agravado y reducci\u00f3n a la servidumbre de entre 400 y 500 miembros de las comunidades qom y moqoit, y se dispusieron medidas de reparaci\u00f3n en beneficio de las comunidades, como hab\u00edan solicitado durante los alegatos la fiscal\u00eda y las querellas de la Secretar\u00eda de Derechos Humanos y G\u00e9neros de Chaco y el Instituto del Aborigen Chaque\u00f1o (IDACH).<\/p>\n","protected":false},"excerpt":{"rendered":"<p>El cronograma propuesto por distintas organizaciones y por el gobierno provincial anuncia un acto conmemorativo en el Memorial ubicado en ese paraje ubicado en jurisdicci\u00f3n de Machagai, el mi\u00e9rcoles 19 a las 10, d\u00eda del aniversario. El pr\u00f3ximo mi\u00e9rcoles 19 de julio se cumplir\u00e1n 99 a\u00f1os de la Masacre de Napalp\u00ed. Para su conmemoraci\u00f3n, fue [&hellip;]<\/p>\n","protected":false},"author":1,"featured_media":23782,"comment_status":"closed","ping_status":"closed","sticky":false,"template":"","format":"standard","meta":{"footnotes":""},"categories":[6],"tags":[],"class_list":{"0":"post-23781","1":"post","2":"type-post","3":"status-publish","4":"format-standard","5":"has-post-thumbnail","7":"category-chaco"},"_links":{"self":[{"href":"https:\/\/chacosintesis.com.ar\/index.php\/wp-json\/wp\/v2\/posts\/23781","targetHints":{"allow":["GET"]}}],"collection":[{"href":"https:\/\/chacosintesis.com.ar\/index.php\/wp-json\/wp\/v2\/posts"}],"about":[{"href":"https:\/\/chacosintesis.com.ar\/index.php\/wp-json\/wp\/v2\/types\/post"}],"author":[{"embeddable":true,"href":"https:\/\/chacosintesis.com.ar\/index.php\/wp-json\/wp\/v2\/users\/1"}],"replies":[{"embeddable":true,"href":"https:\/\/chacosintesis.com.ar\/index.php\/wp-json\/wp\/v2\/comments?post=23781"}],"version-history":[{"count":0,"href":"https:\/\/chacosintesis.com.ar\/index.php\/wp-json\/wp\/v2\/posts\/23781\/revisions"}],"wp:featuredmedia":[{"embeddable":true,"href":"https:\/\/chacosintesis.com.ar\/index.php\/wp-json\/wp\/v2\/media\/23782"}],"wp:attachment":[{"href":"https:\/\/chacosintesis.com.ar\/index.php\/wp-json\/wp\/v2\/media?parent=23781"}],"wp:term":[{"taxonomy":"category","embeddable":true,"href":"https:\/\/chacosintesis.com.ar\/index.php\/wp-json\/wp\/v2\/categories?post=23781"},{"taxonomy":"post_tag","embeddable":true,"href":"https:\/\/chacosintesis.com.ar\/index.php\/wp-json\/wp\/v2\/tags?post=23781"}],"curies":[{"name":"wp","href":"https:\/\/api.w.org\/{rel}","templated":true}]}}